{"id":1940,"date":"2012-06-04T12:15:25","date_gmt":"2012-06-04T11:15:25","guid":{"rendered":"http:\/\/lescolademusicsijpc.wordpress.com\/?p=1940"},"modified":"2016-01-28T18:35:18","modified_gmt":"2016-01-28T17:35:18","slug":"els-matins-de-tv3","status":"publish","type":"post","link":"https:\/\/agora.xtec.cat\/escolademusicsijpc\/grups\/combos\/els-matins-de-tv3\/","title":{"rendered":"Els matins de TV3"},"content":{"rendered":"<figure class=\"figure wp-caption alignright\"><a href=\"http:\/\/www.barcelonaciutatconcert.org\/uncategorized\/centre-civic-can-deu-2012\"><img loading=\"lazy\" decoding=\"async\" class=\"size-full wp-image-1941\" title=\"els matins de TV3\" src=\"http:\/\/agora.xtec.cat\/escolademusicsijpc\/wp-content\/uploads\/usu459\/2012\/06\/tv3.gif\" alt=\"\" width=\"200\" height=\"160\" \/><\/a><figcaption class=\"wp-caption-text\">Concert en directe<\/figcaption><\/figure>\n<p>El divendres 8 de juny pel mat\u00ed, en el programa de televisi\u00f3 &#8220;els matins de TV3&#8221; s&#8217;oferir\u00e0 en directa un combo de l&#8217;escola de m\u00fasics i escola de m\u00fasica JPC acompanyant a les corals de l&#8217;escola Vedruna.<\/p>\n","protected":false},"excerpt":{"rendered":"<p><a href=\"http:\/\/www.barcelonaciutatconcert.org\/uncategorized\/centre-civic-can-deu-2012\"><\/a>Concert en directe<br \/>\nEl divendres 8 de juny pel mat\u00ed, en el programa de televisi\u00f3 &#8220;els matins de TV3&#8221; s&#8217;oferir\u00e0 en directa un combo de l&#8217;escola de m\u00fasics i escola de m\u00fasica JPC acompanyant a les corals de l&#8217;escola Vedruna.<\/p>\n","protected":false},"author":1,"featured_media":1941,"comment_status":"open","ping_status":"open","sticky":false,"template":"","format":"standard","meta":{"_bbp_topic_count":0,"_bbp_reply_count":0,"_bbp_total_topic_count":0,"_bbp_total_reply_count":0,"_bbp_voice_count":0,"_bbp_anonymous_reply_count":0,"_bbp_topic_count_hidden":0,"_bbp_reply_count_hidden":0,"_bbp_forum_subforum_count":0,"footnotes":""},"categories":[62],"tags":[80,82],"class_list":["post-1940","post","type-post","status-publish","format-standard","has-post-thumbnail","hentry","category-combos","tag-combos","tag-corals"],"post_mailing_queue_ids":[],"_links":{"self":[{"href":"https:\/\/agora.xtec.cat\/escolademusicsijpc\/wp-json\/wp\/v2\/posts\/1940","targetHints":{"allow":["GET"]}}],"collection":[{"href":"https:\/\/agora.xtec.cat\/escolademusicsijpc\/wp-json\/wp\/v2\/posts"}],"about":[{"href":"https:\/\/agora.xtec.cat\/escolademusicsijpc\/wp-json\/wp\/v2\/types\/post"}],"author":[{"embeddable":true,"href":"https:\/\/agora.xtec.cat\/escolademusicsijpc\/wp-json\/wp\/v2\/users\/1"}],"replies":[{"embeddable":true,"href":"https:\/\/agora.xtec.cat\/escolademusicsijpc\/wp-json\/wp\/v2\/comments?post=1940"}],"version-history":[{"count":2,"href":"https:\/\/agora.xtec.cat\/escolademusicsijpc\/wp-json\/wp\/v2\/posts\/1940\/revisions"}],"predecessor-version":[{"id":4821,"href":"https:\/\/agora.xtec.cat\/escolademusicsijpc\/wp-json\/wp\/v2\/posts\/1940\/revisions\/4821"}],"wp:featuredmedia":[{"embeddable":true,"href":"https:\/\/agora.xtec.cat\/escolademusicsijpc\/wp-json\/wp\/v2\/media\/1941"}],"wp:attachment":[{"href":"https:\/\/agora.xtec.cat\/escolademusicsijpc\/wp-json\/wp\/v2\/media?parent=1940"}],"wp:term":[{"taxonomy":"category","embeddable":true,"href":"https:\/\/agora.xtec.cat\/escolademusicsijpc\/wp-json\/wp\/v2\/categories?post=1940"},{"taxonomy":"post_tag","embeddable":true,"href":"https:\/\/agora.xtec.cat\/escolademusicsijpc\/wp-json\/wp\/v2\/tags?post=1940"}],"curies":[{"name":"wp","href":"https:\/\/api.w.org\/{rel}","templated":true}]}}