{"id":1919,"date":"2012-05-29T16:42:26","date_gmt":"2012-05-29T15:42:26","guid":{"rendered":"http:\/\/lescolademusicsijpc.wordpress.com\/?p=1919"},"modified":"2016-01-29T18:47:31","modified_gmt":"2016-01-29T17:47:31","slug":"violinisimo","status":"publish","type":"post","link":"https:\/\/agora.xtec.cat\/escolademusicsijpc\/general\/violinisimo\/","title":{"rendered":"&#8220;Violin\u00edsimo&#8221;"},"content":{"rendered":"<p style=\"text-align: left;\" align=\"center\">\n<figure class=\"figure wp-caption alignright\"><img loading=\"lazy\" decoding=\"async\" class=\"size-full wp-image-1920\" title=\"concert de violins\" src=\"http:\/\/agora.xtec.cat\/escolademusicsijpc\/wp-content\/uploads\/usu459\/2012\/05\/violi002.gif\" alt=\"\" width=\"145\" height=\"200\" \/><figcaption class=\"wp-caption-text\">&#8220;Violin\u00edsimo&#8221;<\/figcaption><\/figure>\n<p style=\"text-align: left;\" align=\"center\"><span style=\"font-family: Verdana;\">No us perdeu el concert dels nostres alumnes de viol\u00ed <\/span><span style=\"font-family: Verdana;\">de la\u00a0professora Cati Santos i el professor\u00a0Jaume Cortacans, <\/span><span style=\"font-family: Verdana;\">el dissabte 2 de Juny del 2012 <\/span><span style=\"font-family: Verdana;\">a les 17h. a la Parr\u00f2quia Sant Sever i Sant Vicen\u00e7 de Pa\u00fcl al\u00a0<\/span><span style=\"font-family: Verdana;\">c\/Proven\u00e7a 210<\/span><\/p>\n<p style=\"text-align: left;\" align=\"center\"><span style=\"font-family: Verdana;\">El grup de violins acompanyats pel Pianista Paulo Kolb<\/span><\/p>\n<p style=\"text-align: left;\" align=\"center\"><span style=\"font-family: Verdana;\">Entrada Gratu\u00efta <\/span><\/p>\n","protected":false},"excerpt":{"rendered":"<p>&#8220;Violin\u00edsimo&#8221;<br \/>\nNo us perdeu el concert dels nostres alumnes de viol\u00ed de la\u00a0professora Cati Santos i el professor\u00a0Jaume Cortacans, el dissabte 2 de Juny del 2012 a les 17h. a la Parr\u00f2quia Sant Sever i Sant Vicen\u00e7 de Pa\u00fcl al\u00a0c\/Proven\u00e7a 210<br \/>\nEl grup de violins acompanyats pel&hellip;  <a href=\"https:\/\/agora.xtec.cat\/escolademusicsijpc\/general\/violinisimo\/\" title=\"Read &#8220;Violin\u00edsimo&#8221;\">Llegeix m\u00e9s\u00bb<\/a><\/p>\n","protected":false},"author":1,"featured_media":1920,"comment_status":"open","ping_status":"open","sticky":false,"template":"","format":"standard","meta":{"_bbp_topic_count":0,"_bbp_reply_count":0,"_bbp_total_topic_count":0,"_bbp_total_reply_count":0,"_bbp_voice_count":0,"_bbp_anonymous_reply_count":0,"_bbp_topic_count_hidden":0,"_bbp_reply_count_hidden":0,"_bbp_forum_subforum_count":0,"footnotes":""},"categories":[1],"tags":[100],"class_list":["post-1919","post","type-post","status-publish","format-standard","has-post-thumbnail","hentry","category-general","tag-violi"],"post_mailing_queue_ids":[],"_links":{"self":[{"href":"https:\/\/agora.xtec.cat\/escolademusicsijpc\/wp-json\/wp\/v2\/posts\/1919","targetHints":{"allow":["GET"]}}],"collection":[{"href":"https:\/\/agora.xtec.cat\/escolademusicsijpc\/wp-json\/wp\/v2\/posts"}],"about":[{"href":"https:\/\/agora.xtec.cat\/escolademusicsijpc\/wp-json\/wp\/v2\/types\/post"}],"author":[{"embeddable":true,"href":"https:\/\/agora.xtec.cat\/escolademusicsijpc\/wp-json\/wp\/v2\/users\/1"}],"replies":[{"embeddable":true,"href":"https:\/\/agora.xtec.cat\/escolademusicsijpc\/wp-json\/wp\/v2\/comments?post=1919"}],"version-history":[{"count":2,"href":"https:\/\/agora.xtec.cat\/escolademusicsijpc\/wp-json\/wp\/v2\/posts\/1919\/revisions"}],"predecessor-version":[{"id":4927,"href":"https:\/\/agora.xtec.cat\/escolademusicsijpc\/wp-json\/wp\/v2\/posts\/1919\/revisions\/4927"}],"wp:featuredmedia":[{"embeddable":true,"href":"https:\/\/agora.xtec.cat\/escolademusicsijpc\/wp-json\/wp\/v2\/media\/1920"}],"wp:attachment":[{"href":"https:\/\/agora.xtec.cat\/escolademusicsijpc\/wp-json\/wp\/v2\/media?parent=1919"}],"wp:term":[{"taxonomy":"category","embeddable":true,"href":"https:\/\/agora.xtec.cat\/escolademusicsijpc\/wp-json\/wp\/v2\/categories?post=1919"},{"taxonomy":"post_tag","embeddable":true,"href":"https:\/\/agora.xtec.cat\/escolademusicsijpc\/wp-json\/wp\/v2\/tags?post=1919"}],"curies":[{"name":"wp","href":"https:\/\/api.w.org\/{rel}","templated":true}]}}