{"id":1910,"date":"2012-05-23T20:02:57","date_gmt":"2012-05-23T19:02:57","guid":{"rendered":"http:\/\/lescolademusicsijpc.wordpress.com\/?p=1910"},"modified":"2016-01-27T19:55:20","modified_gmt":"2016-01-27T18:55:20","slug":"colonies-musicals-2012-2","status":"publish","type":"post","link":"https:\/\/agora.xtec.cat\/escolademusicsijpc\/audicions-alumnes\/colonies-musicals-2012-2\/","title":{"rendered":"Col\u00f2nies Musicals 2012"},"content":{"rendered":"<p>L\u2019arribada ser\u00e0 el dissabte\u00a026 de maig a les 9:00h del mat\u00ed a la casa de col\u00f2nies.<\/p>\n<p><strong><em>Cotxe particular:<\/em><\/strong><\/p>\n<p>\u2022 Rda. de Dalt, direcci\u00f3 Bes\u00f2s. Nus de la Trinitat.\u00a0B-20 (\u00abpota nord\u00bb). Sortida Mollet &#8211; Tiana. Agafar la B-500 direcci\u00f3 Mollet, fins al km 6 (Paratge de La Conreria). A l\u2019esquerra hi ha l\u2019entrada a la instalaci\u00f3.<\/p>\n<p>\u2022 Autopista A-19 a Montgat, sortida Badalona Nord direcci\u00f3 Mollet, km 6.<\/p>\n<p><strong><em>Cotxe de l\u00ednia:<\/em><\/strong><\/p>\n<p>\u2022 Empresa S\u00e0lix Bus, S.L. (Tel. 93 579 20 91) l\u00ednia Sabadell-Mollet, Sant Fost, Conreria, Tiana, Montgat, Badalona.<br \/>\nLes col\u00f2nies s\u00f3n a la Conreria a Tiana Tel: 93 395 10 11. El tel\u00e8fon de l\u2019escola ser\u00e0 el 61984656.\u00a0\u00a0Si us plau truqueu nom\u00e9s en cas d\u2019emerg\u00e8ncia. \u00a0Demaneu el planell.<\/p>\n<p>Material que s\u2019ha de dur:<\/p>\n<p>* Molta energia per passar-so molt b\u00e9.<\/p>\n<p>* Moltes ganes de fer noves amistats.<\/p>\n<p>* Molta m\u00fasica a la motxilla!<\/p>\n<p>* Sac de dormir i manta o similar.<\/p>\n<p>* Pijama.<\/p>\n<p>* Bossa\u00a0 d\u2019higiene personal:<\/p>\n<p>* Raspall i pasta de dents, sab\u00f3, pinta, etc&#8230;<\/p>\n<p>* Tovalloles.<\/p>\n<p>* Muda per a tots els dies.<\/p>\n<p>* Roba i cal\u00e7at c\u00f2mode.<\/p>\n<p>* Roba d\u2019abric (a la nit pot fer fred).<\/p>\n<p>* Llanterna.<\/p>\n<p>* Samarreta de color blanca i una gorra o barret<\/p>\n<p>* Un foulard o mocador gran<\/p>\n<p>* Partitures que es necessitin.<\/p>\n<p>* L\u2019instrument.<\/p>\n<p>El dilluns\u00a028 de\u00a0maig a partir de les 15h. es far\u00e0 el concert final.<\/p>\n","protected":false},"excerpt":{"rendered":"<p>L\u2019arribada ser\u00e0 el dissabte\u00a026 de maig a les 9:00h del mat\u00ed a la casa de col\u00f2nies.<br \/>\nCotxe particular:<br \/>\n\u2022 Rda. de Dalt, direcci\u00f3 Bes\u00f2s. Nus de la Trinitat.\u00a0B-20 (\u00abpota nord\u00bb). Sortida Mollet &#8211; Tiana. Agafar la B-500 direcci\u00f3 Mollet, fins al km 6 (Paratge de La Conreria).&hellip;  <a href=\"https:\/\/agora.xtec.cat\/escolademusicsijpc\/audicions-alumnes\/colonies-musicals-2012-2\/\" title=\"Read Col\u00f2nies Musicals 2012\">Llegeix m\u00e9s\u00bb<\/a><\/p>\n","protected":false},"author":1,"featured_media":0,"comment_status":"open","ping_status":"open","sticky":false,"template":"","format":"standard","meta":{"_bbp_topic_count":0,"_bbp_reply_count":0,"_bbp_total_topic_count":0,"_bbp_total_reply_count":0,"_bbp_voice_count":0,"_bbp_anonymous_reply_count":0,"_bbp_topic_count_hidden":0,"_bbp_reply_count_hidden":0,"_bbp_forum_subforum_count":0,"footnotes":""},"categories":[59],"tags":[],"class_list":["post-1910","post","type-post","status-publish","format-standard","hentry","category-audicions-alumnes"],"post_mailing_queue_ids":[],"_links":{"self":[{"href":"https:\/\/agora.xtec.cat\/escolademusicsijpc\/wp-json\/wp\/v2\/posts\/1910","targetHints":{"allow":["GET"]}}],"collection":[{"href":"https:\/\/agora.xtec.cat\/escolademusicsijpc\/wp-json\/wp\/v2\/posts"}],"about":[{"href":"https:\/\/agora.xtec.cat\/escolademusicsijpc\/wp-json\/wp\/v2\/types\/post"}],"author":[{"embeddable":true,"href":"https:\/\/agora.xtec.cat\/escolademusicsijpc\/wp-json\/wp\/v2\/users\/1"}],"replies":[{"embeddable":true,"href":"https:\/\/agora.xtec.cat\/escolademusicsijpc\/wp-json\/wp\/v2\/comments?post=1910"}],"version-history":[{"count":2,"href":"https:\/\/agora.xtec.cat\/escolademusicsijpc\/wp-json\/wp\/v2\/posts\/1910\/revisions"}],"predecessor-version":[{"id":4728,"href":"https:\/\/agora.xtec.cat\/escolademusicsijpc\/wp-json\/wp\/v2\/posts\/1910\/revisions\/4728"}],"wp:attachment":[{"href":"https:\/\/agora.xtec.cat\/escolademusicsijpc\/wp-json\/wp\/v2\/media?parent=1910"}],"wp:term":[{"taxonomy":"category","embeddable":true,"href":"https:\/\/agora.xtec.cat\/escolademusicsijpc\/wp-json\/wp\/v2\/categories?post=1910"},{"taxonomy":"post_tag","embeddable":true,"href":"https:\/\/agora.xtec.cat\/escolademusicsijpc\/wp-json\/wp\/v2\/tags?post=1910"}],"curies":[{"name":"wp","href":"https:\/\/api.w.org\/{rel}","templated":true}]}}