{"id":1861,"date":"2012-05-11T14:50:58","date_gmt":"2012-05-11T13:50:58","guid":{"rendered":"http:\/\/lescolademusicsijpc.wordpress.com\/?p=1861"},"modified":"2012-05-11T14:50:58","modified_gmt":"2012-05-11T13:50:58","slug":"horaris-2n-concurs-dinterpretacio-musical-de-lescola-de-musica-i-jpc","status":"publish","type":"post","link":"https:\/\/agora.xtec.cat\/escolademusicsijpc\/general\/horaris-2n-concurs-dinterpretacio-musical-de-lescola-de-musica-i-jpc\/","title":{"rendered":"Horaris 2n concurs d&#8217;interpretaci\u00f3 musical de l&#8217;Escola de M\u00fasica i JPC"},"content":{"rendered":"<h1>CONCURS GUITARRA<\/h1>\n<p>Els horaris del 2n concurs d&#8217;interpretaci\u00f3 musical de l&#8217;Escola de M\u00fasics, categoria GUITARRA s\u00f3n els seg\u00fcents:<\/p>\n<h4>DISSABTE 19 maig<\/h4>\n<p>ESPAI. CENTRE C\u00cdVIC GOLFERICH, Gran V\u00eda de les Corts Catalanes, 491<\/p>\n<figure class=\"figure wp-caption alignright\"><img loading=\"lazy\" decoding=\"async\" class=\"size-full wp-image-1881\" title=\"CENTRE C\u00cdVIC GOLFERICH\" src=\"http:\/\/agora.xtec.cat\/escolademusicsijpc\/wp-content\/uploads\/usu459\/2012\/05\/maps1.gif\" alt=\"Gran V\u00eda de les Corts Catalanes, 491\" width=\"248\" height=\"158\" \/><figcaption class=\"wp-caption-text\">Gran V\u00eda de les Corts Catalanes, 491<\/figcaption><\/figure>\n<p>CATEGORIA A<\/p>\n<p>Concurs: de 10 a 11h.<\/p>\n<p>CATEGORIA B<\/p>\n<p>Concurs: de 11:30 a 13h.<\/p>\n<p>CATEGORIA C<\/p>\n<p>Concurs a partir de les 16h. Si \u00e9s necessari es far\u00e0 un descans d&#8217;un quart d&#8217;hora.<\/p>\n<p>Els guanyadors del concurs de guitarra sortir\u00e0n escrits en el blog de l&#8217;escola de m\u00fasics a partir de les 22h el mateix dissabte 19 de maig (un cop el jurat informi dels guanyadors):<\/p>\n<p><a href=\"http:\/\/lescolademusicsijpc.wordpress.com\">http:\/\/lescolademusicsijpc.wordpress.com<\/a><\/p>\n<h1>CONCURS DE PIANO<\/h1>\n<p>Els horaris del 2n concurs d&#8217;interpretaci\u00f3 pian\u00edstica s\u00f3n els seg\u00fcents:<\/p>\n<h4>DISSABTE 19 maig- PROVA DE PIANO<\/h4>\n<p>ESPAI . CENTRE C\u00cdVIC COTXERES BORRELL, c\/ Viladomat 2-8<\/p>\n<figure class=\"figure wp-caption alignright\"><img loading=\"lazy\" decoding=\"async\" class=\"size-medium wp-image-1884\" title=\"CENTRE C\u00cdVIC COTXERES BORRELL\" src=\"http:\/\/agora.xtec.cat\/escolademusicsijpc\/wp-content\/uploads\/usu459\/2012\/05\/maps2.gif?w=243\" alt=\"\" width=\"243\" height=\"300\" \/><figcaption class=\"wp-caption-text\">c\/ Viladomat 2-8<\/figcaption><\/figure>\n<p>CATEGORIA A<\/p>\n<p>9:30- 10:00- recepci\u00f3 dels concursants i prova del piano.<\/p>\n<p>10:00-11:00- concurs categoria A.<\/p>\n<p>CATEGORIA B<\/p>\n<p>11:00- 11:30- recepci\u00f3 dels concursants i prova del piano.<\/p>\n<p>11:30-12:30- concurs categoria B.<\/p>\n<p>CATEGORIA C<\/p>\n<p>De les 17 a les 18:30\u00a0 provar l&#8217;ac\u00fastica de la sala i el piano.<\/p>\n<p>CATEGORIA de 18 a 25.<\/p>\n<p>De les 18:30 a les 20:00 podeu venir a provar l&#8217;ac\u00fastica de la sala i el piano.<\/p>\n<h4>DIUMENGE 20 maig-CONCURS:<\/h4>\n<p>ESPAI . CENTRE C\u00cdVIC COTXERES BORRELL, c\/ Viladomat 2-8<\/p>\n<p>Categoria C\u00a0 concurs de 10 a 12h.<\/p>\n<p>Categoria de 18 a 25, a les 12 assaig amb el quartet de corda de mestres.<\/p>\n<p>Categoria de 18 a 25, comen\u00e7a el concurs a les 13h.<\/p>\n<p>Els guanyadors del concurs de piano\u00a0categoria A i B\u00a0sortir\u00e0n escrits en el blog de l&#8217;escola de m\u00fasics a partir de les 22h el mateix dissabte\u00a019 de maig (un cop el jurat informi dels guanyadors):<\/p>\n<p><a href=\"http:\/\/lescolademusicsijpc.wordpress.com\">http:\/\/lescolademusicsijpc.wordpress.com<\/a><\/p>\n<h1>DIUMENGE 20 maig- LLIURAMENT DE PREMIS<\/h1>\n<p>ESPAI: CENTRE C\u00cdVIC COTXERES BORRELL, c\/ Viladomat 2-8<\/p>\n<p>17- 18: Assaig del guanyador de la categoria de 18 a 25 amb l&#8217;orquestra de corda de l&#8217;Escola de M\u00fasics.<\/p>\n<p>18:00- Lliurament dels premis de l&#8217;especialitat de piano i guitarra.<\/p>\n<p>Concert final dels guanyadors del concurs.<\/p>\n<p>El guanyador de la categoria de 18 a 25 anys de piano far\u00e0 el seu recital acompanyat per l&#8217;orquestra de corda de\u00a0 l&#8217;Escola de M\u00fasics.<\/p>\n","protected":false},"excerpt":{"rendered":"<p>CONCURS GUITARRA<br \/>\nEls horaris del 2n concurs d&#8217;interpretaci\u00f3 musical de l&#8217;Escola de M\u00fasics, categoria GUITARRA s\u00f3n els seg\u00fcents:<br \/>\nDISSABTE 19 maig<br \/>\nESPAI. CENTRE C\u00cdVIC GOLFERICH, Gran V\u00eda de les Corts Catalanes, 491<br \/>\nGran V\u00eda de les Corts Catalanes, 491<br \/>\nCATEGORIA A<br \/>\nConcurs: de 10 a 11h.<br \/>\nCATEGORIA B<br \/>\nConcurs: de 11:30 a 13h.<br \/>\nCATEGORIA&hellip;  <a href=\"https:\/\/agora.xtec.cat\/escolademusicsijpc\/general\/horaris-2n-concurs-dinterpretacio-musical-de-lescola-de-musica-i-jpc\/\" title=\"Read Horaris 2n concurs d&#8217;interpretaci\u00f3 musical de l&#8217;Escola de M\u00fasica i JPC\">Llegeix m\u00e9s\u00bb<\/a><\/p>\n","protected":false},"author":1,"featured_media":0,"comment_status":"open","ping_status":"open","sticky":false,"template":"","format":"standard","meta":{"_bbp_topic_count":0,"_bbp_reply_count":0,"_bbp_total_topic_count":0,"_bbp_total_reply_count":0,"_bbp_voice_count":0,"_bbp_anonymous_reply_count":0,"_bbp_topic_count_hidden":0,"_bbp_reply_count_hidden":0,"_bbp_forum_subforum_count":0,"footnotes":""},"categories":[1],"tags":[],"class_list":["post-1861","post","type-post","status-publish","format-standard","hentry","category-general"],"post_mailing_queue_ids":[],"_links":{"self":[{"href":"https:\/\/agora.xtec.cat\/escolademusicsijpc\/wp-json\/wp\/v2\/posts\/1861","targetHints":{"allow":["GET"]}}],"collection":[{"href":"https:\/\/agora.xtec.cat\/escolademusicsijpc\/wp-json\/wp\/v2\/posts"}],"about":[{"href":"https:\/\/agora.xtec.cat\/escolademusicsijpc\/wp-json\/wp\/v2\/types\/post"}],"author":[{"embeddable":true,"href":"https:\/\/agora.xtec.cat\/escolademusicsijpc\/wp-json\/wp\/v2\/users\/1"}],"replies":[{"embeddable":true,"href":"https:\/\/agora.xtec.cat\/escolademusicsijpc\/wp-json\/wp\/v2\/comments?post=1861"}],"version-history":[{"count":0,"href":"https:\/\/agora.xtec.cat\/escolademusicsijpc\/wp-json\/wp\/v2\/posts\/1861\/revisions"}],"wp:attachment":[{"href":"https:\/\/agora.xtec.cat\/escolademusicsijpc\/wp-json\/wp\/v2\/media?parent=1861"}],"wp:term":[{"taxonomy":"category","embeddable":true,"href":"https:\/\/agora.xtec.cat\/escolademusicsijpc\/wp-json\/wp\/v2\/categories?post=1861"},{"taxonomy":"post_tag","embeddable":true,"href":"https:\/\/agora.xtec.cat\/escolademusicsijpc\/wp-json\/wp\/v2\/tags?post=1861"}],"curies":[{"name":"wp","href":"https:\/\/api.w.org\/{rel}","templated":true}]}}