{"id":1812,"date":"2012-03-26T15:36:26","date_gmt":"2012-03-26T14:36:26","guid":{"rendered":"http:\/\/lescolademusicsijpc.wordpress.com\/?p=1812"},"modified":"2016-02-03T19:03:35","modified_gmt":"2016-02-03T18:03:35","slug":"1er-concurs-infantil-de-guitarra-jose-luis-lopategui","status":"publish","type":"post","link":"https:\/\/agora.xtec.cat\/escolademusicsijpc\/general\/1er-concurs-infantil-de-guitarra-jose-luis-lopategui\/","title":{"rendered":"1er concurs infantil de guitarra Jos\u00e9 Lu\u00eds Lopategui"},"content":{"rendered":"<figure class=\"figure wp-caption alignright\"><a href=\"http:\/\/agora.xtec.cat\/escolademusicsijpc\/wp-content\/uploads\/usu459\/2012\/03\/bruna.gif\"><img loading=\"lazy\" decoding=\"async\" class=\"size-full wp-image-1813\" title=\"bruna\" src=\"http:\/\/agora.xtec.cat\/escolademusicsijpc\/wp-content\/uploads\/usu459\/2012\/03\/bruna.gif\" alt=\"Bruna Escol\u00e0\" width=\"200\" height=\"150\" \/><\/a><figcaption class=\"wp-caption-text\">Bruna Escol\u00e0<\/figcaption><\/figure>\n<p>Us informem que la Bruna Escol\u00e0 ha guanyat el segon premi de la seva categoria del 1er concurs infantil de guitarra Jos\u00e9 Lu\u00eds Lopategui, que es va cel\u00b7lebrar aquest dissabte 24 de mar\u00e7 a Barcelona.<\/p>\n<p>Moltes felitats!<\/p>\n","protected":false},"excerpt":{"rendered":"<p><a href=\"http:\/\/agora.xtec.cat\/escolademusicsijpc\/wp-content\/uploads\/usu459\/2012\/03\/bruna.gif\"><\/a>Bruna Escol\u00e0<br \/>\nUs informem que la Bruna Escol\u00e0 ha guanyat el segon premi de la seva categoria del 1er concurs infantil de guitarra Jos\u00e9 Lu\u00eds Lopategui, que es va cel\u00b7lebrar aquest dissabte 24 de mar\u00e7 a Barcelona.<br \/>\nMoltes felitats!<\/p>\n","protected":false},"author":1,"featured_media":1813,"comment_status":"open","ping_status":"open","sticky":false,"template":"","format":"standard","meta":{"_bbp_topic_count":0,"_bbp_reply_count":0,"_bbp_total_topic_count":0,"_bbp_total_reply_count":0,"_bbp_voice_count":0,"_bbp_anonymous_reply_count":0,"_bbp_topic_count_hidden":0,"_bbp_reply_count_hidden":0,"_bbp_forum_subforum_count":0,"footnotes":""},"categories":[1],"tags":[86],"class_list":["post-1812","post","type-post","status-publish","format-standard","has-post-thumbnail","hentry","category-general","tag-guitarres"],"post_mailing_queue_ids":[],"_links":{"self":[{"href":"https:\/\/agora.xtec.cat\/escolademusicsijpc\/wp-json\/wp\/v2\/posts\/1812","targetHints":{"allow":["GET"]}}],"collection":[{"href":"https:\/\/agora.xtec.cat\/escolademusicsijpc\/wp-json\/wp\/v2\/posts"}],"about":[{"href":"https:\/\/agora.xtec.cat\/escolademusicsijpc\/wp-json\/wp\/v2\/types\/post"}],"author":[{"embeddable":true,"href":"https:\/\/agora.xtec.cat\/escolademusicsijpc\/wp-json\/wp\/v2\/users\/1"}],"replies":[{"embeddable":true,"href":"https:\/\/agora.xtec.cat\/escolademusicsijpc\/wp-json\/wp\/v2\/comments?post=1812"}],"version-history":[{"count":2,"href":"https:\/\/agora.xtec.cat\/escolademusicsijpc\/wp-json\/wp\/v2\/posts\/1812\/revisions"}],"predecessor-version":[{"id":5136,"href":"https:\/\/agora.xtec.cat\/escolademusicsijpc\/wp-json\/wp\/v2\/posts\/1812\/revisions\/5136"}],"wp:featuredmedia":[{"embeddable":true,"href":"https:\/\/agora.xtec.cat\/escolademusicsijpc\/wp-json\/wp\/v2\/media\/1813"}],"wp:attachment":[{"href":"https:\/\/agora.xtec.cat\/escolademusicsijpc\/wp-json\/wp\/v2\/media?parent=1812"}],"wp:term":[{"taxonomy":"category","embeddable":true,"href":"https:\/\/agora.xtec.cat\/escolademusicsijpc\/wp-json\/wp\/v2\/categories?post=1812"},{"taxonomy":"post_tag","embeddable":true,"href":"https:\/\/agora.xtec.cat\/escolademusicsijpc\/wp-json\/wp\/v2\/tags?post=1812"}],"curies":[{"name":"wp","href":"https:\/\/api.w.org\/{rel}","templated":true}]}}