{"id":1761,"date":"2012-03-15T17:24:12","date_gmt":"2012-03-15T16:24:12","guid":{"rendered":"http:\/\/lescolademusicsijpc.wordpress.com\/?p=1761"},"modified":"2016-02-03T19:19:41","modified_gmt":"2016-02-03T18:19:41","slug":"article-a-la-vanguardia","status":"publish","type":"post","link":"https:\/\/agora.xtec.cat\/escolademusicsijpc\/premsa\/article-a-la-vanguardia\/","title":{"rendered":"Article a La Vanguardia"},"content":{"rendered":"<figure class=\"figure wp-caption alignright\"><img loading=\"lazy\" decoding=\"async\" class=\"size-full wp-image-1762\" title=\"150312_LaVanguardia-(1)\" src=\"http:\/\/agora.xtec.cat\/escolademusicsijpc\/wp-content\/uploads\/usu459\/2012\/03\/150312_lavanguardia-1.gif\" alt=\"\" width=\"138\" height=\"200\" \/><figcaption class=\"wp-caption-text\">V\u00edctor Oller a La Vanguardia<\/figcaption><\/figure>\n<p>Una vegada m\u00e9s el nostre alumne V\u00edctor Oller \u00e9s motiu fotogr\u00e0fic per l&#8217;article de &#8220;La Vanguardia&#8221; del dia 15 de mar\u00e7 on\u00a0es parla del concurs de m\u00fasica Maria Canals i del piano itinerant. Avui tenim el piano a la pla\u00e7a Eivissa.<\/p>\n<p><a href=\"http:\/\/agora.xtec.cat\/escolademusicsijpc\/wp-content\/uploads\/usu459\/2012\/03\/150312_lavanguardia-1.pdf\">Article: Los placeres del Piano. La Vanguardia 15\/3\/12<\/a><\/p>\n<p>La Cristina Colomer juntament amb el V\u00edctor Oller, per no ser menys,\u00a0van sortir\u00a0a les not\u00edcies\u00a0de\u00a0la tv3 al minut 59 el dia 9\/3\/12<\/p>\n<p><a href=\"http:\/\/www.tv3.cat\/3alacarta\/#\/videos\/3994032\">http:\/\/www.tv3.cat\/3alacarta\/#\/videos\/3994032<\/a><\/p>\n","protected":false},"excerpt":{"rendered":"<p>V\u00edctor Oller a La Vanguardia<br \/>\nUna vegada m\u00e9s el nostre alumne V\u00edctor Oller \u00e9s motiu fotogr\u00e0fic per l&#8217;article de &#8220;La Vanguardia&#8221; del dia 15 de mar\u00e7 on\u00a0es parla del concurs de m\u00fasica Maria Canals i del piano itinerant. Avui tenim el piano a la pla\u00e7a Eivissa.<br \/>\n<a&hellip;  <a href=\"https:\/\/agora.xtec.cat\/escolademusicsijpc\/premsa\/article-a-la-vanguardia\/\" title=\"Read Article a La Vanguardia\">Llegeix m\u00e9s\u00bb<\/a><\/p>\n","protected":false},"author":1,"featured_media":1762,"comment_status":"open","ping_status":"open","sticky":false,"template":"","format":"standard","meta":{"_bbp_topic_count":0,"_bbp_reply_count":0,"_bbp_total_topic_count":0,"_bbp_total_reply_count":0,"_bbp_voice_count":0,"_bbp_anonymous_reply_count":0,"_bbp_topic_count_hidden":0,"_bbp_reply_count_hidden":0,"_bbp_forum_subforum_count":0,"footnotes":""},"categories":[73],"tags":[],"class_list":["post-1761","post","type-post","status-publish","format-standard","has-post-thumbnail","hentry","category-premsa"],"post_mailing_queue_ids":[],"_links":{"self":[{"href":"https:\/\/agora.xtec.cat\/escolademusicsijpc\/wp-json\/wp\/v2\/posts\/1761","targetHints":{"allow":["GET"]}}],"collection":[{"href":"https:\/\/agora.xtec.cat\/escolademusicsijpc\/wp-json\/wp\/v2\/posts"}],"about":[{"href":"https:\/\/agora.xtec.cat\/escolademusicsijpc\/wp-json\/wp\/v2\/types\/post"}],"author":[{"embeddable":true,"href":"https:\/\/agora.xtec.cat\/escolademusicsijpc\/wp-json\/wp\/v2\/users\/1"}],"replies":[{"embeddable":true,"href":"https:\/\/agora.xtec.cat\/escolademusicsijpc\/wp-json\/wp\/v2\/comments?post=1761"}],"version-history":[{"count":2,"href":"https:\/\/agora.xtec.cat\/escolademusicsijpc\/wp-json\/wp\/v2\/posts\/1761\/revisions"}],"predecessor-version":[{"id":5138,"href":"https:\/\/agora.xtec.cat\/escolademusicsijpc\/wp-json\/wp\/v2\/posts\/1761\/revisions\/5138"}],"wp:featuredmedia":[{"embeddable":true,"href":"https:\/\/agora.xtec.cat\/escolademusicsijpc\/wp-json\/wp\/v2\/media\/1762"}],"wp:attachment":[{"href":"https:\/\/agora.xtec.cat\/escolademusicsijpc\/wp-json\/wp\/v2\/media?parent=1761"}],"wp:term":[{"taxonomy":"category","embeddable":true,"href":"https:\/\/agora.xtec.cat\/escolademusicsijpc\/wp-json\/wp\/v2\/categories?post=1761"},{"taxonomy":"post_tag","embeddable":true,"href":"https:\/\/agora.xtec.cat\/escolademusicsijpc\/wp-json\/wp\/v2\/tags?post=1761"}],"curies":[{"name":"wp","href":"https:\/\/api.w.org\/{rel}","templated":true}]}}