{"id":1714,"date":"2012-03-12T19:15:38","date_gmt":"2012-03-12T18:15:38","guid":{"rendered":"http:\/\/lescolademusicsijpc.wordpress.com\/?p=1714"},"modified":"2016-01-29T19:03:38","modified_gmt":"2016-01-29T18:03:38","slug":"pianos-al-carrer","status":"publish","type":"post","link":"https:\/\/agora.xtec.cat\/escolademusicsijpc\/general\/pianos-al-carrer\/","title":{"rendered":"&#8220;Pianos al carrer&#8221;"},"content":{"rendered":"<figure class=\"figure wp-caption alignright\"><a href=\"https:\/\/picasaweb.google.com\/fotoviajesoliver\/PianoAlCarrerPlacaReial#\"><img loading=\"lazy\" decoding=\"async\" class=\"size-full wp-image-1716\" title=\"Fotos Pla\u00e7a Reial\" src=\"http:\/\/agora.xtec.cat\/escolademusicsijpc\/wp-content\/uploads\/usu459\/2012\/03\/alumneludovicadsc_4536.gif\" alt=\"\" width=\"128\" height=\"192\" \/><\/a><figcaption class=\"wp-caption-text\">Ferran Mart\u00ed<\/figcaption><\/figure>\n<figure class=\"figure wp-caption alignright\"><a href=\"https:\/\/picasaweb.google.com\/fotoviajesoliver\/PianoAlCarrerPlacaReial#\"><img loading=\"lazy\" decoding=\"async\" class=\"size-full wp-image-1715\" title=\"Fotos Pla\u00e7a Reial\" src=\"http:\/\/agora.xtec.cat\/escolademusicsijpc\/wp-content\/uploads\/usu459\/2012\/03\/victorcrisdsc_4473.gif\" alt=\"V\u00edctor Oller\" width=\"128\" height=\"192\" \/><\/a><figcaption class=\"wp-caption-text\">V\u00edctor Oller<\/figcaption><\/figure>\n<p>L&#8217;Escola de M\u00fasics col\u00b7labora amb el Concurs internacional de Piano Maria Canals oferint concerts en el cicle &#8220;Pianos al\u00a0 carrer&#8221;.<\/p>\n<p>El passat divendres 9 de mar\u00e7 va actuar en V\u00edctor Oller i Ferran\u00a0Mart\u00ed a la pla\u00e7a Reial en l&#8217;obertura d&#8217;aquest cicle.<\/p>\n<ul>\n<li>El proper 21 de mar\u00e7 a la Pla\u00e7a del Palau de la M\u00fasica de 13:30 a 14:40 podrem\u00a0 escoltar els guanyadors del 1er Concurs d&#8217;interpretaci\u00f3 musical de l&#8217;Escola de M\u00fasics i JPC, Marta Mu\u00f1oz i Cl\u00e0udia Dub\u00e9.<\/li>\n<\/ul>\n<figure class=\"figure wp-caption alignright\"><img loading=\"lazy\" decoding=\"async\" class=\"size-full wp-image-1727\" title=\"Llu\u00eds Millet i Amadeu Vives\" src=\"http:\/\/agora.xtec.cat\/escolademusicsijpc\/wp-content\/uploads\/usu459\/2012\/03\/mcb-cartel-concerts-millet_vives.gif\" alt=\"\" width=\"141\" height=\"200\" \/><figcaption class=\"wp-caption-text\">58\u00e8 Concurs Maria Canals<\/figcaption><\/figure>\n<ul>\n<li>El mateix dia tamb\u00e9 a la Pla\u00e7a del Palau de la M\u00fasica\u00a0de 19:00 a\u00a020:00 audicions d&#8217;alumnes de L&#8217;Escola de M\u00fasics.<\/li>\n<\/ul>\n<ul>\n<li>El dia 22 de mar\u00e7 de 11:00 a 12:00 a les\u00a0Rambles 99, davant de la Virreina tocar\u00e0 el d\u00fao Haizea, format per dues professores de L&#8217;Escola, Ainara Zubizarreta (flauta)\u00a0i Cristina Colomer (piano). I al mateix espai de 17:30 a 18:30 audicions d&#8217;alumnes de l&#8217;Escola de M\u00fasics del Raval.<\/li>\n<\/ul>\n<p><a href=\"http:\/\/agora.xtec.cat\/escolademusicsijpc\/wp-content\/uploads\/usu459\/2012\/03\/mcb-postals-concerts-manc3a9n_vives.pdf\">Actuacions Programades a la\u00a0Pla\u00e7a del Palau de la M\u00fasica Catalana<\/a><\/p>\n<p style=\"text-align: center;\">Esteu tots convidats a escoltar els concerts!<\/p>\n","protected":false},"excerpt":{"rendered":"<p><a href=\"https:\/\/picasaweb.google.com\/fotoviajesoliver\/PianoAlCarrerPlacaReial#\"><\/a>Ferran Mart\u00ed<br \/>\n<a href=\"https:\/\/picasaweb.google.com\/fotoviajesoliver\/PianoAlCarrerPlacaReial#\"><\/a>V\u00edctor Oller<br \/>\nL&#8217;Escola de M\u00fasics col\u00b7labora amb el Concurs internacional de Piano Maria Canals oferint concerts en el cicle &#8220;Pianos al\u00a0 carrer&#8221;.<br \/>\nEl passat divendres 9 de mar\u00e7 va actuar en V\u00edctor Oller i Ferran\u00a0Mart\u00ed a la pla\u00e7a Reial en l&#8217;obertura d&#8217;aquest cicle.<\/p>\n<ul>\n<li>El proper&hellip;  <a href=\"https:\/\/agora.xtec.cat\/escolademusicsijpc\/general\/pianos-al-carrer\/\" title=\"Read &#8220;Pianos al carrer&#8221;\">Llegeix m\u00e9s\u00bb<\/a><br \/>\n","protected":false},"author":1,"featured_media":1715,"comment_status":"open","ping_status":"open","sticky":false,"template":"","format":"standard","meta":{"_bbp_topic_count":0,"_bbp_reply_count":0,"_bbp_total_topic_count":0,"_bbp_total_reply_count":0,"_bbp_voice_count":0,"_bbp_anonymous_reply_count":0,"_bbp_topic_count_hidden":0,"_bbp_reply_count_hidden":0,"_bbp_forum_subforum_count":0,"footnotes":""},"categories":[1],"tags":[81,93,94],"class_list":["post-1714","post","type-post","status-publish","format-standard","has-post-thumbnail","hentry","category-general","tag-concert","tag-piano","tag-premis"],"post_mailing_queue_ids":[],"_links":{"self":[{"href":"https:\/\/agora.xtec.cat\/escolademusicsijpc\/wp-json\/wp\/v2\/posts\/1714","targetHints":{"allow":["GET"]}}],"collection":[{"href":"https:\/\/agora.xtec.cat\/escolademusicsijpc\/wp-json\/wp\/v2\/posts"}],"about":[{"href":"https:\/\/agora.xtec.cat\/escolademusicsijpc\/wp-json\/wp\/v2\/types\/post"}],"author":[{"embeddable":true,"href":"https:\/\/agora.xtec.cat\/escolademusicsijpc\/wp-json\/wp\/v2\/users\/1"}],"replies":[{"embeddable":true,"href":"https:\/\/agora.xtec.cat\/escolademusicsijpc\/wp-json\/wp\/v2\/comments?post=1714"}],"version-history":[{"count":2,"href":"https:\/\/agora.xtec.cat\/escolademusicsijpc\/wp-json\/wp\/v2\/posts\/1714\/revisions"}],"predecessor-version":[{"id":4931,"href":"https:\/\/agora.xtec.cat\/escolademusicsijpc\/wp-json\/wp\/v2\/posts\/1714\/revisions\/4931"}],"wp:featuredmedia":[{"embeddable":true,"href":"https:\/\/agora.xtec.cat\/escolademusicsijpc\/wp-json\/wp\/v2\/media\/1715"}],"wp:attachment":[{"href":"https:\/\/agora.xtec.cat\/escolademusicsijpc\/wp-json\/wp\/v2\/media?parent=1714"}],"wp:term":[{"taxonomy":"category","embeddable":true,"href":"https:\/\/agora.xtec.cat\/escolademusicsijpc\/wp-json\/wp\/v2\/categories?post=1714"},{"taxonomy":"post_tag","embeddable":true,"href":"https:\/\/agora.xtec.cat\/escolademusicsijpc\/wp-json\/wp\/v2\/tags?post=1714"}],"curies":[{"name":"wp","href":"https:\/\/api.w.org\/{rel}","templated":true}]}}