{"id":1677,"date":"2012-03-05T18:12:35","date_gmt":"2012-03-05T17:12:35","guid":{"rendered":"http:\/\/lescolademusicsijpc.wordpress.com\/?p=1677"},"modified":"2016-02-03T20:06:05","modified_gmt":"2016-02-03T19:06:05","slug":"2n-concurs-dinterpretacio-musical-de-lescola-de-musics-i-jpc-3","status":"publish","type":"post","link":"https:\/\/agora.xtec.cat\/escolademusicsijpc\/general\/2n-concurs-dinterpretacio-musical-de-lescola-de-musics-i-jpc-3\/","title":{"rendered":"2n Concurs d&#8217;interpretaci\u00f3 Musical de l&#8217;Escola de M\u00fasics i JPC"},"content":{"rendered":"<p><img loading=\"lazy\" decoding=\"async\" class=\"size-full wp-image-1679 alignright\" title=\"piano i guitarra\" src=\"http:\/\/agora.xtec.cat\/escolademusicsijpc\/wp-content\/uploads\/usu459\/2012\/03\/2cartellpetits.gif\" alt=\"\" width=\"141\" height=\"200\" \/><img loading=\"lazy\" decoding=\"async\" class=\"size-full wp-image-1680 alignright\" title=\"piano\" src=\"http:\/\/agora.xtec.cat\/escolademusicsijpc\/wp-content\/uploads\/usu459\/2012\/03\/2cartellpiano.gif\" alt=\"\" width=\"141\" height=\"200\" \/><\/p>\n<p>Donat l&#8217;\u00e8xit d\u2019assit\u00e8ncia assolit l&#8217;any 2011 l&#8217;escola convoca un segon concurs d&#8217;interpretaci\u00f3 musical per alumnes estudiants de m\u00fasica en l\u2019especialitat de piano i guitarra d&#8217;edats entre 7 i 25 anys.<\/p>\n<p>Us podeu baixar les bases i enviar la butlleta d\u2019inscripci\u00f3 a:<\/p>\n<p><a href=\"mailto:escolademusics@gmail.com\">escolademusics@gmail.com<\/a><\/p>\n<p>Bases del concurs per categories i edats:<\/p>\n<p><a href=\"http:\/\/agora.xtec.cat\/escolademusicsijpc\/wp-content\/uploads\/usu459\/2012\/03\/cris-guitarra.pdf\">Butlleta d&#8217;inscripci\u00f3 especialitat guitarra de 7 a 15 anys<\/a><\/p>\n<p><a href=\"http:\/\/agora.xtec.cat\/escolademusicsijpc\/wp-content\/uploads\/usu459\/2012\/03\/cris-petits.pdf\">Butlleta d&#8217;inscripci\u00f3 especialitat piano de 7 a 17 anys<\/a><\/p>\n<p><a href=\"http:\/\/agora.xtec.cat\/escolademusicsijpc\/wp-content\/uploads\/usu459\/2012\/03\/cris-grans.pdf\">Butlleta d&#8217;inscripci\u00f3 especialitat piano de 18 a 25 anys<\/a><\/p>\n","protected":false},"excerpt":{"rendered":"<p>Donat l&#8217;\u00e8xit d\u2019assit\u00e8ncia assolit l&#8217;any 2011 l&#8217;escola convoca un segon concurs d&#8217;interpretaci\u00f3 musical per alumnes estudiants de m\u00fasica en l\u2019especialitat de piano i guitarra d&#8217;edats entre 7 i 25 anys.<br \/>\nUs podeu baixar les bases i enviar la butlleta d\u2019inscripci\u00f3 a:<br \/>\n<a href=\"mailto:escolademusics@gmail.com\">escolademusics@gmail.com<\/a><br \/>\nBases del concurs per categories&hellip;  <a href=\"https:\/\/agora.xtec.cat\/escolademusicsijpc\/general\/2n-concurs-dinterpretacio-musical-de-lescola-de-musics-i-jpc-3\/\" title=\"Read 2n Concurs d&#8217;interpretaci\u00f3 Musical de l&#8217;Escola de M\u00fasics i JPC\">Llegeix m\u00e9s\u00bb<\/a><\/p>\n","protected":false},"author":1,"featured_media":2422,"comment_status":"open","ping_status":"open","sticky":false,"template":"","format":"standard","meta":{"_bbp_topic_count":0,"_bbp_reply_count":0,"_bbp_total_topic_count":0,"_bbp_total_reply_count":0,"_bbp_voice_count":0,"_bbp_anonymous_reply_count":0,"_bbp_topic_count_hidden":0,"_bbp_reply_count_hidden":0,"_bbp_forum_subforum_count":0,"footnotes":""},"categories":[1],"tags":[86,93],"class_list":["post-1677","post","type-post","status-publish","format-standard","has-post-thumbnail","hentry","category-general","tag-guitarres","tag-piano"],"post_mailing_queue_ids":[],"_links":{"self":[{"href":"https:\/\/agora.xtec.cat\/escolademusicsijpc\/wp-json\/wp\/v2\/posts\/1677","targetHints":{"allow":["GET"]}}],"collection":[{"href":"https:\/\/agora.xtec.cat\/escolademusicsijpc\/wp-json\/wp\/v2\/posts"}],"about":[{"href":"https:\/\/agora.xtec.cat\/escolademusicsijpc\/wp-json\/wp\/v2\/types\/post"}],"author":[{"embeddable":true,"href":"https:\/\/agora.xtec.cat\/escolademusicsijpc\/wp-json\/wp\/v2\/users\/1"}],"replies":[{"embeddable":true,"href":"https:\/\/agora.xtec.cat\/escolademusicsijpc\/wp-json\/wp\/v2\/comments?post=1677"}],"version-history":[{"count":2,"href":"https:\/\/agora.xtec.cat\/escolademusicsijpc\/wp-json\/wp\/v2\/posts\/1677\/revisions"}],"predecessor-version":[{"id":5146,"href":"https:\/\/agora.xtec.cat\/escolademusicsijpc\/wp-json\/wp\/v2\/posts\/1677\/revisions\/5146"}],"wp:featuredmedia":[{"embeddable":true,"href":"https:\/\/agora.xtec.cat\/escolademusicsijpc\/wp-json\/wp\/v2\/media\/2422"}],"wp:attachment":[{"href":"https:\/\/agora.xtec.cat\/escolademusicsijpc\/wp-json\/wp\/v2\/media?parent=1677"}],"wp:term":[{"taxonomy":"category","embeddable":true,"href":"https:\/\/agora.xtec.cat\/escolademusicsijpc\/wp-json\/wp\/v2\/categories?post=1677"},{"taxonomy":"post_tag","embeddable":true,"href":"https:\/\/agora.xtec.cat\/escolademusicsijpc\/wp-json\/wp\/v2\/tags?post=1677"}],"curies":[{"name":"wp","href":"https:\/\/api.w.org\/{rel}","templated":true}]}}