{"id":1571,"date":"2012-02-29T17:38:43","date_gmt":"2012-02-29T16:38:43","guid":{"rendered":"http:\/\/lescolademusicsijpc.wordpress.com\/?p=1571"},"modified":"2016-02-03T20:07:11","modified_gmt":"2016-02-03T19:07:11","slug":"concert-del-mes-de-marc","status":"publish","type":"post","link":"https:\/\/agora.xtec.cat\/escolademusicsijpc\/general\/concert-del-mes-de-marc\/","title":{"rendered":"Concert del mes de mar\u00e7."},"content":{"rendered":"<figure class=\"figure wp-caption alignright\"><a href=\"http:\/\/agora.xtec.cat\/escolademusicsijpc\/wp-content\/uploads\/usu459\/2012\/02\/el-centre.gif\"><img loading=\"lazy\" decoding=\"async\" class=\"size-full wp-image-1575\" title=\"el centre\" src=\"http:\/\/agora.xtec.cat\/escolademusicsijpc\/wp-content\/uploads\/usu459\/2012\/02\/el-centre.gif\" alt=\"\" width=\"141\" height=\"200\" \/><\/a><figcaption class=\"wp-caption-text\">concert premiats<\/figcaption><\/figure>\n<p>Guanyadors del\u00a01er\u00a0concurs\u00a0d&#8217;interpretaci\u00f3 musical\u00a0de l\u2019Escola de M\u00fasics i l&#8217;Escola de M\u00fasica\u00a0JPC<\/p>\n<ul>\n<li>Cl\u00e0udia Dub\u00e9 Oran\u00edas<\/li>\n<li>Marta Mu\u00f1oz Fuente<\/li>\n<li>V\u00edctor Oller Segura<\/li>\n<\/ul>\n<p>Centre Sant Pere Ap\u00f2stol\u00a0c\/Sant Pere m\u00e9s Alt 25, 08003 Barcelona<\/p>\n<p>Dilluns 5 de mar\u00e7 de 2012 a les vuit del vespre<\/p>\n<p>Entrada Lliure<\/p>\n","protected":false},"excerpt":{"rendered":"<p><a href=\"http:\/\/agora.xtec.cat\/escolademusicsijpc\/wp-content\/uploads\/usu459\/2012\/02\/el-centre.gif\"><\/a>concert premiats<br \/>\nGuanyadors del\u00a01er\u00a0concurs\u00a0d&#8217;interpretaci\u00f3 musical\u00a0de l\u2019Escola de M\u00fasics i l&#8217;Escola de M\u00fasica\u00a0JPC<\/p>\n<ul>\n<li>Cl\u00e0udia Dub\u00e9 Oran\u00edas<\/li>\n<li>Marta Mu\u00f1oz Fuente<\/li>\n<li>V\u00edctor Oller Segura<\/li>\n<\/ul>\n<p>Centre Sant Pere Ap\u00f2stol\u00a0c\/Sant Pere m\u00e9s Alt 25, 08003 Barcelona<br \/>\nDilluns 5 de mar\u00e7 de 2012 a les vuit del vespre<br \/>\nEntrada Lliure<\/p>\n","protected":false},"author":1,"featured_media":1575,"comment_status":"open","ping_status":"open","sticky":false,"template":"","format":"standard","meta":{"_bbp_topic_count":0,"_bbp_reply_count":0,"_bbp_total_topic_count":0,"_bbp_total_reply_count":0,"_bbp_voice_count":0,"_bbp_anonymous_reply_count":0,"_bbp_topic_count_hidden":0,"_bbp_reply_count_hidden":0,"_bbp_forum_subforum_count":0,"footnotes":""},"categories":[1],"tags":[81],"class_list":["post-1571","post","type-post","status-publish","format-standard","has-post-thumbnail","hentry","category-general","tag-concert"],"post_mailing_queue_ids":[],"_links":{"self":[{"href":"https:\/\/agora.xtec.cat\/escolademusicsijpc\/wp-json\/wp\/v2\/posts\/1571","targetHints":{"allow":["GET"]}}],"collection":[{"href":"https:\/\/agora.xtec.cat\/escolademusicsijpc\/wp-json\/wp\/v2\/posts"}],"about":[{"href":"https:\/\/agora.xtec.cat\/escolademusicsijpc\/wp-json\/wp\/v2\/types\/post"}],"author":[{"embeddable":true,"href":"https:\/\/agora.xtec.cat\/escolademusicsijpc\/wp-json\/wp\/v2\/users\/1"}],"replies":[{"embeddable":true,"href":"https:\/\/agora.xtec.cat\/escolademusicsijpc\/wp-json\/wp\/v2\/comments?post=1571"}],"version-history":[{"count":2,"href":"https:\/\/agora.xtec.cat\/escolademusicsijpc\/wp-json\/wp\/v2\/posts\/1571\/revisions"}],"predecessor-version":[{"id":5148,"href":"https:\/\/agora.xtec.cat\/escolademusicsijpc\/wp-json\/wp\/v2\/posts\/1571\/revisions\/5148"}],"wp:featuredmedia":[{"embeddable":true,"href":"https:\/\/agora.xtec.cat\/escolademusicsijpc\/wp-json\/wp\/v2\/media\/1575"}],"wp:attachment":[{"href":"https:\/\/agora.xtec.cat\/escolademusicsijpc\/wp-json\/wp\/v2\/media?parent=1571"}],"wp:term":[{"taxonomy":"category","embeddable":true,"href":"https:\/\/agora.xtec.cat\/escolademusicsijpc\/wp-json\/wp\/v2\/categories?post=1571"},{"taxonomy":"post_tag","embeddable":true,"href":"https:\/\/agora.xtec.cat\/escolademusicsijpc\/wp-json\/wp\/v2\/tags?post=1571"}],"curies":[{"name":"wp","href":"https:\/\/api.w.org\/{rel}","templated":true}]}}