{"id":1552,"date":"2012-02-14T20:27:25","date_gmt":"2012-02-14T19:27:25","guid":{"rendered":"http:\/\/lescolademusicsijpc.wordpress.com\/?p=1552"},"modified":"2012-02-14T20:27:25","modified_gmt":"2012-02-14T19:27:25","slug":"ja-pots-gaudir-de-la-nova-placa-salvador-segui","status":"publish","type":"post","link":"https:\/\/agora.xtec.cat\/escolademusicsijpc\/grups\/ravals-band\/ja-pots-gaudir-de-la-nova-placa-salvador-segui\/","title":{"rendered":"Ja pots gaudir de la nova pla\u00e7a Salvador Segu\u00ed!"},"content":{"rendered":"<figure class=\"figure wp-caption alignright\"><img loading=\"lazy\" decoding=\"async\" class=\"size-full wp-image-1553\" title=\"orig_cartellfilmoteca\" src=\"http:\/\/agora.xtec.cat\/escolademusicsijpc\/wp-content\/uploads\/usu459\/2012\/02\/orig_cartellfilmoteca.gif\" alt=\"\" width=\"136\" height=\"250\" \/><figcaption class=\"wp-caption-text\">Raval&#039;s Band<\/figcaption><\/figure>\n<p>Benvolguts.<\/p>\n<p>Us informem que diumenge vinent dia 19 de febrer se celebrar\u00e0 una festa d\u2019inauguraci\u00f3 de la pla\u00e7a Salvador Segu\u00ed. L\u2019acte comen\u00e7ar\u00e0 a les 11.30h. Vine a la festa popular per inaugurar la nova pla\u00e7a Salvador Segu\u00ed. Contacontes, ball de gegants del Raval, bastoners del Raval, castellers de Barcelona i la <strong>Raval\u2019s Band<\/strong>.<\/p>\n<p>La Filmoteca s\u2019afegeix a la celebraci\u00f3 amb una\u00a0 tarda de portes obertes, que comen\u00e7ar\u00e0 a les 14h.\u00a0 Hi haur\u00e0 sessions gratu\u00eftes cada hora (la darrera a les 18 hores) i visites guiades a la biblioteca i l\u2019exposici\u00f3 de la Filmo.<\/p>\n","protected":false},"excerpt":{"rendered":"<p>Raval&#039;s Band<br \/>\nBenvolguts.<br \/>\nUs informem que diumenge vinent dia 19 de febrer se celebrar\u00e0 una festa d\u2019inauguraci\u00f3 de la pla\u00e7a Salvador Segu\u00ed. L\u2019acte comen\u00e7ar\u00e0 a les 11.30h. Vine a la festa popular per inaugurar la nova pla\u00e7a Salvador Segu\u00ed. Contacontes, ball de gegants del Raval, bastoners del&hellip;  <a href=\"https:\/\/agora.xtec.cat\/escolademusicsijpc\/grups\/ravals-band\/ja-pots-gaudir-de-la-nova-placa-salvador-segui\/\" title=\"Read Ja pots gaudir de la nova pla\u00e7a Salvador Segu\u00ed!\">Llegeix m\u00e9s\u00bb<\/a><\/p>\n","protected":false},"author":1,"featured_media":0,"comment_status":"open","ping_status":"open","sticky":false,"template":"","format":"standard","meta":{"_bbp_topic_count":0,"_bbp_reply_count":0,"_bbp_total_topic_count":0,"_bbp_total_reply_count":0,"_bbp_voice_count":0,"_bbp_anonymous_reply_count":0,"_bbp_topic_count_hidden":0,"_bbp_reply_count_hidden":0,"_bbp_forum_subforum_count":0,"footnotes":""},"categories":[75],"tags":[96],"class_list":["post-1552","post","type-post","status-publish","format-standard","hentry","category-ravals-band","tag-ravals"],"post_mailing_queue_ids":[],"_links":{"self":[{"href":"https:\/\/agora.xtec.cat\/escolademusicsijpc\/wp-json\/wp\/v2\/posts\/1552","targetHints":{"allow":["GET"]}}],"collection":[{"href":"https:\/\/agora.xtec.cat\/escolademusicsijpc\/wp-json\/wp\/v2\/posts"}],"about":[{"href":"https:\/\/agora.xtec.cat\/escolademusicsijpc\/wp-json\/wp\/v2\/types\/post"}],"author":[{"embeddable":true,"href":"https:\/\/agora.xtec.cat\/escolademusicsijpc\/wp-json\/wp\/v2\/users\/1"}],"replies":[{"embeddable":true,"href":"https:\/\/agora.xtec.cat\/escolademusicsijpc\/wp-json\/wp\/v2\/comments?post=1552"}],"version-history":[{"count":0,"href":"https:\/\/agora.xtec.cat\/escolademusicsijpc\/wp-json\/wp\/v2\/posts\/1552\/revisions"}],"wp:attachment":[{"href":"https:\/\/agora.xtec.cat\/escolademusicsijpc\/wp-json\/wp\/v2\/media?parent=1552"}],"wp:term":[{"taxonomy":"category","embeddable":true,"href":"https:\/\/agora.xtec.cat\/escolademusicsijpc\/wp-json\/wp\/v2\/categories?post=1552"},{"taxonomy":"post_tag","embeddable":true,"href":"https:\/\/agora.xtec.cat\/escolademusicsijpc\/wp-json\/wp\/v2\/tags?post=1552"}],"curies":[{"name":"wp","href":"https:\/\/api.w.org\/{rel}","templated":true}]}}