{"id":1449,"date":"2011-12-20T17:24:13","date_gmt":"2011-12-20T16:24:13","guid":{"rendered":"http:\/\/lescolademusicsijpc.wordpress.com\/?p=1449"},"modified":"2016-01-27T20:06:26","modified_gmt":"2016-01-27T19:06:26","slug":"victor-oller-a-la-tv3","status":"publish","type":"post","link":"https:\/\/agora.xtec.cat\/escolademusicsijpc\/audicions-alumnes\/victor-oller-a-la-tv3\/","title":{"rendered":"V\u00edctor Oller a la tv3"},"content":{"rendered":"<figure class=\"figure wp-caption alignright\"><img loading=\"lazy\" decoding=\"async\" class=\"size-full wp-image-1454\" title=\"tv3\" src=\"http:\/\/agora.xtec.cat\/escolademusicsijpc\/wp-content\/uploads\/usu459\/2011\/12\/tv3b.gif\" alt=\"\" width=\"200\" height=\"150\" \/><figcaption class=\"wp-caption-text\">als matins a tv3<\/figcaption><\/figure>\n<p>El dilluns 19 de desembre ha actuat un dels nostres alumnes al programa dels matins de tv3, en V\u00edctor Oller, acompanyat amb alumnes d&#8217;altres escoles i representats per l&#8217;associaci\u00f3 emipac (escoles de m\u00fasica d&#8217;iniciativa privada de Catalunya). Despr\u00e9s de l&#8217;entrevista que li fan a la cantant Ainoha Arteta, cap el minut 16, veureu la pe\u00e7a que canta la coral acompanyat d&#8217;en V\u00edctor Oller al piano.<\/p>\n<p><a href=\"http:\/\/www.tv3.cat\/videos\/3864890\/Ainoha-Arteta-i-la-reivindicacio-de-les-escoles-de-musicabr\">http:\/\/www.tv3.cat\/videos\/3864890\/Ainoha-Arteta-i-la-reivindicacio-de-les-escoles-de-musicabr<\/a>&#8211;<\/p>\n","protected":false},"excerpt":{"rendered":"<p>als matins a tv3<br \/>\nEl dilluns 19 de desembre ha actuat un dels nostres alumnes al programa dels matins de tv3, en V\u00edctor Oller, acompanyat amb alumnes d&#8217;altres escoles i representats per l&#8217;associaci\u00f3 emipac (escoles de m\u00fasica d&#8217;iniciativa privada de Catalunya). Despr\u00e9s de l&#8217;entrevista que li&hellip;  <a href=\"https:\/\/agora.xtec.cat\/escolademusicsijpc\/audicions-alumnes\/victor-oller-a-la-tv3\/\" title=\"Read V\u00edctor Oller a la tv3\">Llegeix m\u00e9s\u00bb<\/a><\/p>\n","protected":false},"author":1,"featured_media":1454,"comment_status":"open","ping_status":"open","sticky":false,"template":"","format":"standard","meta":{"_bbp_topic_count":0,"_bbp_reply_count":0,"_bbp_total_topic_count":0,"_bbp_total_reply_count":0,"_bbp_voice_count":0,"_bbp_anonymous_reply_count":0,"_bbp_topic_count_hidden":0,"_bbp_reply_count_hidden":0,"_bbp_forum_subforum_count":0,"footnotes":""},"categories":[59,73],"tags":[93,95],"class_list":["post-1449","post","type-post","status-publish","format-standard","has-post-thumbnail","hentry","category-audicions-alumnes","category-premsa","tag-piano","tag-premsa-2"],"post_mailing_queue_ids":[],"_links":{"self":[{"href":"https:\/\/agora.xtec.cat\/escolademusicsijpc\/wp-json\/wp\/v2\/posts\/1449","targetHints":{"allow":["GET"]}}],"collection":[{"href":"https:\/\/agora.xtec.cat\/escolademusicsijpc\/wp-json\/wp\/v2\/posts"}],"about":[{"href":"https:\/\/agora.xtec.cat\/escolademusicsijpc\/wp-json\/wp\/v2\/types\/post"}],"author":[{"embeddable":true,"href":"https:\/\/agora.xtec.cat\/escolademusicsijpc\/wp-json\/wp\/v2\/users\/1"}],"replies":[{"embeddable":true,"href":"https:\/\/agora.xtec.cat\/escolademusicsijpc\/wp-json\/wp\/v2\/comments?post=1449"}],"version-history":[{"count":3,"href":"https:\/\/agora.xtec.cat\/escolademusicsijpc\/wp-json\/wp\/v2\/posts\/1449\/revisions"}],"predecessor-version":[{"id":4735,"href":"https:\/\/agora.xtec.cat\/escolademusicsijpc\/wp-json\/wp\/v2\/posts\/1449\/revisions\/4735"}],"wp:featuredmedia":[{"embeddable":true,"href":"https:\/\/agora.xtec.cat\/escolademusicsijpc\/wp-json\/wp\/v2\/media\/1454"}],"wp:attachment":[{"href":"https:\/\/agora.xtec.cat\/escolademusicsijpc\/wp-json\/wp\/v2\/media?parent=1449"}],"wp:term":[{"taxonomy":"category","embeddable":true,"href":"https:\/\/agora.xtec.cat\/escolademusicsijpc\/wp-json\/wp\/v2\/categories?post=1449"},{"taxonomy":"post_tag","embeddable":true,"href":"https:\/\/agora.xtec.cat\/escolademusicsijpc\/wp-json\/wp\/v2\/tags?post=1449"}],"curies":[{"name":"wp","href":"https:\/\/api.w.org\/{rel}","templated":true}]}}