{"id":1396,"date":"2011-11-22T21:33:35","date_gmt":"2011-11-22T20:33:35","guid":{"rendered":"http:\/\/lescolademusicsijpc.wordpress.com\/?p=1396"},"modified":"2016-02-10T18:00:48","modified_gmt":"2016-02-10T17:00:48","slug":"classes-magistrals","status":"publish","type":"post","link":"https:\/\/agora.xtec.cat\/escolademusicsijpc\/master-classes\/classes-magistrals\/","title":{"rendered":"Classes Magistrals"},"content":{"rendered":"<p>L&#8217;Escola de M\u00fasics i l&#8217;Escola de M\u00fasica JPC, fa m\u00fasics des de l&#8217;any 1992 a Barcelona. Portem una traject\u00f2ria molt llarga ensenyant i fent m\u00fasica en el districte de Ciutat Vella, Catalunya, Espanya i l&#8217;estranger.\u00a0Oferim\u00a0unes classes magistrals dels mestres:<\/p>\n<figure class=\"figure wp-caption alignnone\"><img loading=\"lazy\" decoding=\"async\" class=\"size-full wp-image-1405\" title=\"\" src=\"http:\/\/agora.xtec.cat\/escolademusicsijpc\/wp-content\/uploads\/usu459\/2011\/11\/master-interior2.gif\" alt=\"\" width=\"200\" height=\"129\" \/><figcaption class=\"wp-caption-text\">els professors<\/figcaption><\/figure>\n<ul>\n<li>Josep Colom \u00b7<em>pianista\u00b7<\/em><\/li>\n<li>Ludovica Mosca \u00b7<em>pianista\u00b7<\/em><\/li>\n<li>I\u00f1aqui Etxepare \u00b7<em>violoncel\u00b7lista\u00b7<\/em><\/li>\n<\/ul>\n<p><a href=\"http:\/\/agora.xtec.cat\/escolademusicsijpc\/wp-content\/uploads\/usu459\/2011\/11\/mc3a0ster-cursos.pdf\">\u00a0<\/a><a href=\"http:\/\/agora.xtec.cat\/escolademusicsijpc\/wp-content\/uploads\/usu459\/2011\/11\/mc3a0ster-cursos.pdf\">Classes Magistrals<\/a>\u00a0 <a href=\"http:\/\/agora.xtec.cat\/escolademusicsijpc\/wp-content\/uploads\/usu459\/2011\/11\/professors.pdf\">Professors convidats<\/a><\/p>\n<p>Els cursos estan dirigits a joves m\u00fasics, professors de m\u00fasica\u00a0i conservatori\u00a0amb inter\u00e8s\u00a0en aprofundir en la pedagogia de l&#8217;instrument i a estudiants de nivell professional i superior que\u00a0vulguin treballar la t\u00e8cnica i el repertori instrumental.<\/p>\n","protected":false},"excerpt":{"rendered":"<p>L&#8217;Escola de M\u00fasics i l&#8217;Escola de M\u00fasica JPC, fa m\u00fasics des de l&#8217;any 1992 a Barcelona. Portem una traject\u00f2ria molt llarga ensenyant i fent m\u00fasica en el districte de Ciutat Vella, Catalunya, Espanya i l&#8217;estranger.\u00a0Oferim\u00a0unes classes magistrals dels mestres:<br \/>\nels professors<\/p>\n<ul>\n<li>Josep Colom \u00b7pianista\u00b7<\/li>\n<li>Ludovica Mosca \u00b7pianista\u00b7<\/li>\n<li>I\u00f1aqui Etxepare&hellip;  <a href=\"https:\/\/agora.xtec.cat\/escolademusicsijpc\/master-classes\/classes-magistrals\/\" title=\"Read Classes Magistrals\">Llegeix m\u00e9s\u00bb<\/a><br \/>\n","protected":false},"author":1,"featured_media":1405,"comment_status":"open","ping_status":"open","sticky":false,"template":"","format":"standard","meta":{"_bbp_topic_count":0,"_bbp_reply_count":0,"_bbp_total_topic_count":0,"_bbp_total_reply_count":0,"_bbp_voice_count":0,"_bbp_anonymous_reply_count":0,"_bbp_topic_count_hidden":0,"_bbp_reply_count_hidden":0,"_bbp_forum_subforum_count":0,"footnotes":""},"categories":[69],"tags":[89],"class_list":["post-1396","post","type-post","status-publish","format-standard","has-post-thumbnail","hentry","category-master-classes","tag-master-classes"],"post_mailing_queue_ids":[],"_links":{"self":[{"href":"https:\/\/agora.xtec.cat\/escolademusicsijpc\/wp-json\/wp\/v2\/posts\/1396","targetHints":{"allow":["GET"]}}],"collection":[{"href":"https:\/\/agora.xtec.cat\/escolademusicsijpc\/wp-json\/wp\/v2\/posts"}],"about":[{"href":"https:\/\/agora.xtec.cat\/escolademusicsijpc\/wp-json\/wp\/v2\/types\/post"}],"author":[{"embeddable":true,"href":"https:\/\/agora.xtec.cat\/escolademusicsijpc\/wp-json\/wp\/v2\/users\/1"}],"replies":[{"embeddable":true,"href":"https:\/\/agora.xtec.cat\/escolademusicsijpc\/wp-json\/wp\/v2\/comments?post=1396"}],"version-history":[{"count":2,"href":"https:\/\/agora.xtec.cat\/escolademusicsijpc\/wp-json\/wp\/v2\/posts\/1396\/revisions"}],"predecessor-version":[{"id":5360,"href":"https:\/\/agora.xtec.cat\/escolademusicsijpc\/wp-json\/wp\/v2\/posts\/1396\/revisions\/5360"}],"wp:featuredmedia":[{"embeddable":true,"href":"https:\/\/agora.xtec.cat\/escolademusicsijpc\/wp-json\/wp\/v2\/media\/1405"}],"wp:attachment":[{"href":"https:\/\/agora.xtec.cat\/escolademusicsijpc\/wp-json\/wp\/v2\/media?parent=1396"}],"wp:term":[{"taxonomy":"category","embeddable":true,"href":"https:\/\/agora.xtec.cat\/escolademusicsijpc\/wp-json\/wp\/v2\/categories?post=1396"},{"taxonomy":"post_tag","embeddable":true,"href":"https:\/\/agora.xtec.cat\/escolademusicsijpc\/wp-json\/wp\/v2\/tags?post=1396"}],"curies":[{"name":"wp","href":"https:\/\/api.w.org\/{rel}","templated":true}]}}