{"id":1358,"date":"2011-11-09T17:54:24","date_gmt":"2011-11-09T16:54:24","guid":{"rendered":"http:\/\/lescolademusicsijpc.wordpress.com\/?p=1358"},"modified":"2016-02-09T19:34:21","modified_gmt":"2016-02-09T18:34:21","slug":"sapropa-la-9a-edicio-de-ravals","status":"publish","type":"post","link":"https:\/\/agora.xtec.cat\/escolademusicsijpc\/corals\/sapropa-la-9a-edicio-de-ravals\/","title":{"rendered":"S&#8217;apropa la 9a edici\u00f3 de Raval(s)!"},"content":{"rendered":"<figure class=\"figure wp-caption alignright\"><img loading=\"lazy\" decoding=\"async\" class=\"size-full wp-image-1359\" title=\"cartell\" src=\"http:\/\/agora.xtec.cat\/escolademusicsijpc\/wp-content\/uploads\/usu459\/2011\/11\/raval_s.gif\" alt=\"\" width=\"84\" height=\"200\" \/><figcaption class=\"wp-caption-text\">Raval&#8217;s Band<\/figcaption><\/figure>\n<p>La 9a edici\u00f3 del Festival de Cultura del Raval, que tindr\u00e0 lloc <strong>del 10 al 13 de novembre amb diferents activitats en diversos espais del barri,<\/strong> ja est\u00e0 a punt de comen\u00e7ar.<br \/>\nAquest any hi ha un <strong>major nombre de participants<\/strong>, i m\u00e9s que mai, s&#8217;ha accentuat la col\u00b7laboraci\u00f3 entre diferents entitats a l&#8217;hora de proposar i d&#8217;organitzar les activitats, en un moment en qu\u00e8 la situaci\u00f3 actual fa m\u00e9s necessari un comprom\u00eds per part de tothom. I com sempre, entenent la cultura com un motor de canvi i transformaci\u00f3 social del Raval.<\/p>\n<ul>\n<li>Divendres 11 de Novembre actuar\u00e0 la Raval&#8217;s Band\u00a0a la Rambla del Raval a les 19:00h<\/li>\n<li>Dissabte 12 de Novembre Concert de Corals del barri al Teatre de l&#8217;IES Mil\u00e0 i Fontanals (Pl.Josep Maria Folch i Torres)<\/li>\n<\/ul>\n","protected":false},"excerpt":{"rendered":"<p>Raval&#8217;s Band<br \/>\nLa 9a edici\u00f3 del Festival de Cultura del Raval, que tindr\u00e0 lloc del 10 al 13 de novembre amb diferents activitats en diversos espais del barri, ja est\u00e0 a punt de comen\u00e7ar.<br \/>\nAquest any hi ha un major nombre de participants, i m\u00e9s que mai,&hellip;  <a href=\"https:\/\/agora.xtec.cat\/escolademusicsijpc\/corals\/sapropa-la-9a-edicio-de-ravals\/\" title=\"Read S&#8217;apropa la 9a edici\u00f3 de Raval(s)!\">Llegeix m\u00e9s\u00bb<\/a><\/p>\n","protected":false},"author":1,"featured_media":1359,"comment_status":"open","ping_status":"open","sticky":false,"template":"","format":"standard","meta":{"_bbp_topic_count":0,"_bbp_reply_count":0,"_bbp_total_topic_count":0,"_bbp_total_reply_count":0,"_bbp_voice_count":0,"_bbp_anonymous_reply_count":0,"_bbp_topic_count_hidden":0,"_bbp_reply_count_hidden":0,"_bbp_forum_subforum_count":0,"footnotes":""},"categories":[66,75],"tags":[81,96],"class_list":["post-1358","post","type-post","status-publish","format-standard","has-post-thumbnail","hentry","category-corals","category-ravals-band","tag-concert","tag-ravals"],"post_mailing_queue_ids":[],"_links":{"self":[{"href":"https:\/\/agora.xtec.cat\/escolademusicsijpc\/wp-json\/wp\/v2\/posts\/1358","targetHints":{"allow":["GET"]}}],"collection":[{"href":"https:\/\/agora.xtec.cat\/escolademusicsijpc\/wp-json\/wp\/v2\/posts"}],"about":[{"href":"https:\/\/agora.xtec.cat\/escolademusicsijpc\/wp-json\/wp\/v2\/types\/post"}],"author":[{"embeddable":true,"href":"https:\/\/agora.xtec.cat\/escolademusicsijpc\/wp-json\/wp\/v2\/users\/1"}],"replies":[{"embeddable":true,"href":"https:\/\/agora.xtec.cat\/escolademusicsijpc\/wp-json\/wp\/v2\/comments?post=1358"}],"version-history":[{"count":3,"href":"https:\/\/agora.xtec.cat\/escolademusicsijpc\/wp-json\/wp\/v2\/posts\/1358\/revisions"}],"predecessor-version":[{"id":5322,"href":"https:\/\/agora.xtec.cat\/escolademusicsijpc\/wp-json\/wp\/v2\/posts\/1358\/revisions\/5322"}],"wp:featuredmedia":[{"embeddable":true,"href":"https:\/\/agora.xtec.cat\/escolademusicsijpc\/wp-json\/wp\/v2\/media\/1359"}],"wp:attachment":[{"href":"https:\/\/agora.xtec.cat\/escolademusicsijpc\/wp-json\/wp\/v2\/media?parent=1358"}],"wp:term":[{"taxonomy":"category","embeddable":true,"href":"https:\/\/agora.xtec.cat\/escolademusicsijpc\/wp-json\/wp\/v2\/categories?post=1358"},{"taxonomy":"post_tag","embeddable":true,"href":"https:\/\/agora.xtec.cat\/escolademusicsijpc\/wp-json\/wp\/v2\/tags?post=1358"}],"curies":[{"name":"wp","href":"https:\/\/api.w.org\/{rel}","templated":true}]}}