{"id":1337,"date":"2011-09-06T18:48:42","date_gmt":"2011-09-06T17:48:42","guid":{"rendered":"http:\/\/lescolademusicsijpc.wordpress.com\/?p=1337"},"modified":"2011-09-06T18:48:42","modified_gmt":"2011-09-06T17:48:42","slug":"vols-formar-part-de-la-ravals-band","status":"publish","type":"post","link":"https:\/\/agora.xtec.cat\/escolademusicsijpc\/grups\/ravals-band\/vols-formar-part-de-la-ravals-band\/","title":{"rendered":"Vols formar part de la Raval&#8217;s Band?"},"content":{"rendered":"<p><img loading=\"lazy\" decoding=\"async\" class=\"alignleft size-full wp-image-1338\" title=\"ravals\" src=\"http:\/\/agora.xtec.cat\/escolademusicsijpc\/wp-content\/uploads\/usu459\/2011\/09\/ravals.gif\" alt=\"\" width=\"191\" height=\"200\" \/><\/p>\n<p>S&#8217;ha obert la convocat\u00f2ria 2011 per formar part de la Raval&#8217;s Band.<\/p>\n<p>La Raval&#8217;s Band \u00e9s la banda de m\u00fasica del barri del Raval, formada per gent de Ciutat Vella que toqui instruments de vent metall, vent fusta i percussi\u00f3. A trav\u00e9s de la Raval&#8217;s Band es facilita una formaci\u00f3 instrumental i de banda per a persones que tinguin algun coneixement musical.<\/p>\n<p>La convocat\u00f2ria va adre\u00e7ada a totes aquelles persones que toquin un instrument de vent o percussi\u00f3 i visquin al districte de Ciutat Vella, o siguin membres d&#8217;alguna associaci\u00f3 o entitat del districte. Tindran prefer\u00e8ncia aquells candidats o candidates que siguin del barri del Raval.<\/p>\n<p>Inscripci\u00f3<\/p>\n<p>Les persones interessades hauran de presentar-se a una audici\u00f3. Han de fer arribar abans de l&#8217;1 d&#8217;octubre d&#8217;enguany la butlleta d&#8217;inscripci\u00f3 correctament omplerta i enviar-la per:<\/p>\n<ul>\n<li>correu postal a l&#8217;Escola de M\u00fasica Juan Pedro Carrero, carrer del Carme, 15-17. 08001 Barcelona, tel\u00e8fons 933 010 718 \/ 933 011 468.<\/li>\n<li>fax al n\u00famero 93 441 98 99.<\/li>\n<li>o b\u00e9 lliurar en m\u00e0 a la mateixa associaci\u00f3, de dilluns a divendres, de 10 a 20 h.<\/li>\n<\/ul>\n<p>Qui volgui formar part de la Raval&#8217;s Band ha de presentar dues obres lliure elecci\u00f3 i un petit curr\u00edculum explicant l&#8217;experi\u00e8ncia musical.<\/p>\n<p><a href=\"http:\/\/agora.xtec.cat\/escolademusicsijpc\/wp-content\/uploads\/usu459\/2011\/09\/ravals2.pdf\">butlleta d&#8217;inscripci\u00f3<\/a>\u00a0\u00b7 <a href=\"http:\/\/agora.xtec.cat\/escolademusicsijpc\/wp-content\/uploads\/usu459\/2011\/09\/ravals1.pdf\">experi\u00e8ncia musical<\/a><\/p>\n","protected":false},"excerpt":{"rendered":"<p>S&#8217;ha obert la convocat\u00f2ria 2011 per formar part de la Raval&#8217;s Band.<br \/>\nLa Raval&#8217;s Band \u00e9s la banda de m\u00fasica del barri del Raval, formada per gent de Ciutat Vella que toqui instruments de vent metall, vent fusta i percussi\u00f3. A trav\u00e9s de la Raval&#8217;s Band&hellip;  <a href=\"https:\/\/agora.xtec.cat\/escolademusicsijpc\/grups\/ravals-band\/vols-formar-part-de-la-ravals-band\/\" title=\"Read Vols formar part de la Raval&#8217;s Band?\">Llegeix m\u00e9s\u00bb<\/a><\/p>\n","protected":false},"author":1,"featured_media":0,"comment_status":"open","ping_status":"open","sticky":false,"template":"","format":"standard","meta":{"_bbp_topic_count":0,"_bbp_reply_count":0,"_bbp_total_topic_count":0,"_bbp_total_reply_count":0,"_bbp_voice_count":0,"_bbp_anonymous_reply_count":0,"_bbp_topic_count_hidden":0,"_bbp_reply_count_hidden":0,"_bbp_forum_subforum_count":0,"footnotes":""},"categories":[75],"tags":[96],"class_list":["post-1337","post","type-post","status-publish","format-standard","hentry","category-ravals-band","tag-ravals"],"post_mailing_queue_ids":[],"_links":{"self":[{"href":"https:\/\/agora.xtec.cat\/escolademusicsijpc\/wp-json\/wp\/v2\/posts\/1337","targetHints":{"allow":["GET"]}}],"collection":[{"href":"https:\/\/agora.xtec.cat\/escolademusicsijpc\/wp-json\/wp\/v2\/posts"}],"about":[{"href":"https:\/\/agora.xtec.cat\/escolademusicsijpc\/wp-json\/wp\/v2\/types\/post"}],"author":[{"embeddable":true,"href":"https:\/\/agora.xtec.cat\/escolademusicsijpc\/wp-json\/wp\/v2\/users\/1"}],"replies":[{"embeddable":true,"href":"https:\/\/agora.xtec.cat\/escolademusicsijpc\/wp-json\/wp\/v2\/comments?post=1337"}],"version-history":[{"count":0,"href":"https:\/\/agora.xtec.cat\/escolademusicsijpc\/wp-json\/wp\/v2\/posts\/1337\/revisions"}],"wp:attachment":[{"href":"https:\/\/agora.xtec.cat\/escolademusicsijpc\/wp-json\/wp\/v2\/media?parent=1337"}],"wp:term":[{"taxonomy":"category","embeddable":true,"href":"https:\/\/agora.xtec.cat\/escolademusicsijpc\/wp-json\/wp\/v2\/categories?post=1337"},{"taxonomy":"post_tag","embeddable":true,"href":"https:\/\/agora.xtec.cat\/escolademusicsijpc\/wp-json\/wp\/v2\/tags?post=1337"}],"curies":[{"name":"wp","href":"https:\/\/api.w.org\/{rel}","templated":true}]}}