{"id":1275,"date":"2011-06-02T18:16:07","date_gmt":"2011-06-02T17:16:07","guid":{"rendered":"http:\/\/lescolademusicsijpc.wordpress.com\/?p=1275"},"modified":"2011-06-02T18:16:07","modified_gmt":"2011-06-02T17:16:07","slug":"1er-concurs-dinterpretacio-musical-de-lescola-de-musics-i-jpc","status":"publish","type":"post","link":"https:\/\/agora.xtec.cat\/escolademusicsijpc\/general\/1er-concurs-dinterpretacio-musical-de-lescola-de-musics-i-jpc\/","title":{"rendered":"1er Concurs d&#8217;interpretaci\u00f3 Musical de l&#8217;Escola de M\u00fasics i JPC"},"content":{"rendered":"<p><img loading=\"lazy\" decoding=\"async\" class=\"alignleft size-full wp-image-1276\" title=\"Categoria A\" src=\"http:\/\/agora.xtec.cat\/escolademusicsijpc\/wp-content\/uploads\/usu459\/2011\/06\/a2.gif\" alt=\"\" width=\"200\" height=\"150\" \/><img loading=\"lazy\" decoding=\"async\" class=\"alignleft size-full wp-image-1280\" title=\"Categoria B\" src=\"http:\/\/agora.xtec.cat\/escolademusicsijpc\/wp-content\/uploads\/usu459\/2011\/06\/b.gif\" alt=\"\" width=\"200\" height=\"150\" \/><img loading=\"lazy\" decoding=\"async\" class=\"alignleft size-full wp-image-1281\" title=\"Categoria B\" src=\"http:\/\/agora.xtec.cat\/escolademusicsijpc\/wp-content\/uploads\/usu459\/2011\/06\/b4.gif\" alt=\"\" width=\"200\" height=\"150\" \/><\/p>\n<p><img loading=\"lazy\" decoding=\"async\" class=\"alignleft size-full wp-image-1282\" title=\"Categoria C\" src=\"http:\/\/agora.xtec.cat\/escolademusicsijpc\/wp-content\/uploads\/usu459\/2011\/06\/c.gif\" alt=\"\" width=\"200\" height=\"150\" \/><img loading=\"lazy\" decoding=\"async\" class=\"alignleft size-full wp-image-1283\" title=\"Categoria 16 a 22 anys\" src=\"http:\/\/agora.xtec.cat\/escolademusicsijpc\/wp-content\/uploads\/usu459\/2011\/06\/d1.gif\" alt=\"\" width=\"200\" height=\"150\" \/><\/p>\n<p>\u00a0\u00a0 Far\u00e0 uns tres mesos vaig decidir portar alguns dels meus alumnes m\u00e9s petits a un concurs de piano de fora de Barcelona, la meva sorpresa va ser assebentar-me que aquest concurs ja no es feia des de fa uns anys per causes econ\u00f2miques i per q\u00fcestions d&#8217;organitzaci\u00f3.<\/p>\n<p>\u00a0\u00a0 Xerrant amb la responsable d&#8217;aquell concurs se&#8217;m va encendre la llumeta: i per qu\u00e8 no fer un concurs a la nostra escola?\u00a0 Tenia molts pocs dies i el primer era pensar en el tribunal, els premis, en l&#8217;espai, els tr\u00edptics&#8230;molta feina!, qu\u00e8 faig? doncs em tiro a la piscina!<\/p>\n<p>\u00a0\u00a0D&#8217;entrada vaig pensar fer el\u00a0 concurs intern pels alumnes de l&#8217;escola i de 7 a 14 anys per\u00f2 amb els dies el concurs va agafar forma i finalment va acabar sent un concurs obert amb quatre categories de 7 a 22 anys i va venir gent d&#8217;altres escoles i Conservatoris Superiors de Barcelona, d&#8217;escoles de Lleida, Sant Boi i fins i tot de\u00a0 Saragossa. Els tr\u00edptics! Sort de la Magal\u00ed que \u00e9s una fletxa dibuixant i s&#8217;ho va agafar amb molta il.lusi\u00f3. Buscar dos tribunals no va ser gens f\u00e0cil per\u00f2 vam tenir la gran sort de comptar amb grans professionals: Luiz de Moura, Ludovica Mosca, Paulo Kolb, Jordi Guri, Nat\u00e0lia Fern\u00e1ndez i Dami\u00e1n Riera. Buscar espai va ser un altre maldecap per\u00f2 gr\u00e0cies a en Toni Oller i de l&#8217;Associaci\u00f3 Teatre Talia Olympia vam conseguir un espai tant fant\u00e0stic com Cotxeres Borrell i gr\u00e0cies a en Jaume Doncos de casa Beethoven, vam tenir els premis patrocinats pels guanyadors.<\/p>\n<p>\u00a0\u00a0 La idea principal del concurs era i \u00e9s donar als nois una oportunitat m\u00e9s per tocar i pujar a un escenari, gaudir de la m\u00fasica i motivar-se a tocar i millorar. Per aquesta ra\u00f3 vam decidir que els premis no podien ser econ\u00f2mics, prefer\u00edem fer llibres, cd&#8217;s, partitures, regals relacionats amb el piano i pels m\u00e9s grans vam optar per poder proporcionar la gran oportunitat de fer una classe amb un pianista de gran renom del nostre pa\u00eds\u00a0 en Josep Maria Colom i una s\u00e8rie de concerts durant el curs seg\u00fcent en diversos espais per poder rodar programa i fer-se con\u00e8ixer.<\/p>\n<p>\u00a0\u00a0 Despr\u00e9s d&#8217;uns quants dies sense dormir va arribar el gran dia i realment\u00a0 va ser fant\u00e0stic. Veure a tants nens i a les seves fam\u00edlies emocionats no nom\u00e9s d&#8217;escoltar al seu fill, sino apreciant la gran feina feta per tots els nens, veure com els pianistes entre ells es felicitaven per com havien tocat, aplaudint-se amb il.lusi\u00f3, aprenent uns dels altres&#8230;crec que el que desitjava s&#8217;ha aconseguit: valorar l&#8217;esfor\u00e7 d&#8217;aquests joves per fer m\u00fasica, premiar-los absolutament a tots amb el reconeixament p\u00fablic alhora de sortir a tocar, d&#8217;enfrontar-se a un p\u00fablic i a unes obres pian\u00edstiques que han requerit moltes hores d&#8217;estudi, de concentraci\u00f3 i de sacrifici. Donar sentit a aquesta lluita di\u00e0ria per assolir aquest art tocant en un escenari i que tothom en pugui gaudir.<\/p>\n<p>\u00a0\u00a0 La m\u00fasica \u00e9s un art que no t\u00e9 l\u00edmits i ens ajuda a fer millor el nostre m\u00f3n.<\/p>\n<p>\u00a0\u00a0 Cristina Colomer<\/p>\n","protected":false},"excerpt":{"rendered":"<p>\u00a0\u00a0 Far\u00e0 uns tres mesos vaig decidir portar alguns dels meus alumnes m\u00e9s petits a un concurs de piano de fora de Barcelona, la meva sorpresa va ser assebentar-me que aquest concurs ja no es feia des de fa uns anys per causes econ\u00f2miques i&hellip;  <a href=\"https:\/\/agora.xtec.cat\/escolademusicsijpc\/general\/1er-concurs-dinterpretacio-musical-de-lescola-de-musics-i-jpc\/\" title=\"Read 1er Concurs d&#8217;interpretaci\u00f3 Musical de l&#8217;Escola de M\u00fasics i JPC\">Llegeix m\u00e9s\u00bb<\/a><\/p>\n","protected":false},"author":1,"featured_media":0,"comment_status":"open","ping_status":"open","sticky":false,"template":"","format":"standard","meta":{"_bbp_topic_count":0,"_bbp_reply_count":0,"_bbp_total_topic_count":0,"_bbp_total_reply_count":0,"_bbp_voice_count":0,"_bbp_anonymous_reply_count":0,"_bbp_topic_count_hidden":0,"_bbp_reply_count_hidden":0,"_bbp_forum_subforum_count":0,"footnotes":""},"categories":[1],"tags":[93],"class_list":["post-1275","post","type-post","status-publish","format-standard","hentry","category-general","tag-piano"],"post_mailing_queue_ids":[],"_links":{"self":[{"href":"https:\/\/agora.xtec.cat\/escolademusicsijpc\/wp-json\/wp\/v2\/posts\/1275","targetHints":{"allow":["GET"]}}],"collection":[{"href":"https:\/\/agora.xtec.cat\/escolademusicsijpc\/wp-json\/wp\/v2\/posts"}],"about":[{"href":"https:\/\/agora.xtec.cat\/escolademusicsijpc\/wp-json\/wp\/v2\/types\/post"}],"author":[{"embeddable":true,"href":"https:\/\/agora.xtec.cat\/escolademusicsijpc\/wp-json\/wp\/v2\/users\/1"}],"replies":[{"embeddable":true,"href":"https:\/\/agora.xtec.cat\/escolademusicsijpc\/wp-json\/wp\/v2\/comments?post=1275"}],"version-history":[{"count":0,"href":"https:\/\/agora.xtec.cat\/escolademusicsijpc\/wp-json\/wp\/v2\/posts\/1275\/revisions"}],"wp:attachment":[{"href":"https:\/\/agora.xtec.cat\/escolademusicsijpc\/wp-json\/wp\/v2\/media?parent=1275"}],"wp:term":[{"taxonomy":"category","embeddable":true,"href":"https:\/\/agora.xtec.cat\/escolademusicsijpc\/wp-json\/wp\/v2\/categories?post=1275"},{"taxonomy":"post_tag","embeddable":true,"href":"https:\/\/agora.xtec.cat\/escolademusicsijpc\/wp-json\/wp\/v2\/tags?post=1275"}],"curies":[{"name":"wp","href":"https:\/\/api.w.org\/{rel}","templated":true}]}}