{"id":1266,"date":"2011-06-09T10:00:07","date_gmt":"2011-06-09T09:00:07","guid":{"rendered":"http:\/\/lescolademusicsijpc.wordpress.com\/?p=1266"},"modified":"2016-02-09T21:05:26","modified_gmt":"2016-02-09T20:05:26","slug":"musicals-el-10-de-juny-de-2011-a-lauditori","status":"publish","type":"post","link":"https:\/\/agora.xtec.cat\/escolademusicsijpc\/corals\/musicals-el-10-de-juny-de-2011-a-lauditori\/","title":{"rendered":"Musicals el 10 de juny de 2011 a L&#8217;Auditori"},"content":{"rendered":"<figure class=\"figure wp-caption alignleft\"><img loading=\"lazy\" decoding=\"async\" class=\"size-full wp-image-1267\" title=\"programa corals\" src=\"http:\/\/agora.xtec.cat\/escolademusicsijpc\/wp-content\/uploads\/usu459\/2011\/05\/programa-ma-corals1-1.gif\" alt=\"\" width=\"173\" height=\"200\" \/><figcaption class=\"wp-caption-text\">Musicals<\/figcaption><\/figure>\n<p>En aquest projecte han participat amb els seus mestres de m\u00fasica. Aquests alumnes han apr\u00e8s a cantar can\u00e7ons tradicionals catalanes i d\u2019altres pa\u00efsos, creant una relaci\u00f3 m\u00e9s estreta entre ells a trav\u00e9s de la m\u00fasica tot compartint un objectiu com\u00fa. En aquestes 7 corals que s\u2019han format al Barri del Bes\u00f2s hi han participat m\u00e9s de 150 alumnes.<\/p>\n<p align=\"left\"><a href=\"http:\/\/agora.xtec.cat\/escolademusicsijpc\/wp-content\/uploads\/usu459\/2011\/05\/programa-ma-corals1.pdf\">Programa del Musical a l&#8217;Auditori<\/a><\/p>\n","protected":false},"excerpt":{"rendered":"<p>Musicals<br \/>\nEn aquest projecte han participat amb els seus mestres de m\u00fasica. Aquests alumnes han apr\u00e8s a cantar can\u00e7ons tradicionals catalanes i d\u2019altres pa\u00efsos, creant una relaci\u00f3 m\u00e9s estreta entre ells a trav\u00e9s de la m\u00fasica tot compartint un objectiu com\u00fa. En aquestes 7 corals que&hellip;  <a href=\"https:\/\/agora.xtec.cat\/escolademusicsijpc\/corals\/musicals-el-10-de-juny-de-2011-a-lauditori\/\" title=\"Read Musicals el 10 de juny de 2011 a L&#8217;Auditori\">Llegeix m\u00e9s\u00bb<\/a><\/p>\n","protected":false},"author":1,"featured_media":1267,"comment_status":"open","ping_status":"open","sticky":false,"template":"","format":"standard","meta":{"_bbp_topic_count":0,"_bbp_reply_count":0,"_bbp_total_topic_count":0,"_bbp_total_reply_count":0,"_bbp_voice_count":0,"_bbp_anonymous_reply_count":0,"_bbp_topic_count_hidden":0,"_bbp_reply_count_hidden":0,"_bbp_forum_subforum_count":0,"footnotes":""},"categories":[66,74,75],"tags":[82],"class_list":["post-1266","post","type-post","status-publish","format-standard","has-post-thumbnail","hentry","category-corals","category-raval-simfonic","category-ravals-band","tag-corals"],"post_mailing_queue_ids":[],"_links":{"self":[{"href":"https:\/\/agora.xtec.cat\/escolademusicsijpc\/wp-json\/wp\/v2\/posts\/1266","targetHints":{"allow":["GET"]}}],"collection":[{"href":"https:\/\/agora.xtec.cat\/escolademusicsijpc\/wp-json\/wp\/v2\/posts"}],"about":[{"href":"https:\/\/agora.xtec.cat\/escolademusicsijpc\/wp-json\/wp\/v2\/types\/post"}],"author":[{"embeddable":true,"href":"https:\/\/agora.xtec.cat\/escolademusicsijpc\/wp-json\/wp\/v2\/users\/1"}],"replies":[{"embeddable":true,"href":"https:\/\/agora.xtec.cat\/escolademusicsijpc\/wp-json\/wp\/v2\/comments?post=1266"}],"version-history":[{"count":2,"href":"https:\/\/agora.xtec.cat\/escolademusicsijpc\/wp-json\/wp\/v2\/posts\/1266\/revisions"}],"predecessor-version":[{"id":5325,"href":"https:\/\/agora.xtec.cat\/escolademusicsijpc\/wp-json\/wp\/v2\/posts\/1266\/revisions\/5325"}],"wp:featuredmedia":[{"embeddable":true,"href":"https:\/\/agora.xtec.cat\/escolademusicsijpc\/wp-json\/wp\/v2\/media\/1267"}],"wp:attachment":[{"href":"https:\/\/agora.xtec.cat\/escolademusicsijpc\/wp-json\/wp\/v2\/media?parent=1266"}],"wp:term":[{"taxonomy":"category","embeddable":true,"href":"https:\/\/agora.xtec.cat\/escolademusicsijpc\/wp-json\/wp\/v2\/categories?post=1266"},{"taxonomy":"post_tag","embeddable":true,"href":"https:\/\/agora.xtec.cat\/escolademusicsijpc\/wp-json\/wp\/v2\/tags?post=1266"}],"curies":[{"name":"wp","href":"https:\/\/api.w.org\/{rel}","templated":true}]}}