{"id":1258,"date":"2011-05-11T16:10:39","date_gmt":"2011-05-11T15:10:39","guid":{"rendered":"http:\/\/lescolademusicsijpc.wordpress.com\/?p=1258"},"modified":"2016-01-28T18:37:36","modified_gmt":"2016-01-28T17:37:36","slug":"actuaccio-de-la-ravals-band","status":"publish","type":"post","link":"https:\/\/agora.xtec.cat\/escolademusicsijpc\/grups\/combos\/actuaccio-de-la-ravals-band\/","title":{"rendered":"Actuacci\u00f3 de la Raval&#8217;s Band i Spontaneous Combustion"},"content":{"rendered":"<figure class=\"figure wp-caption alignleft\"><img loading=\"lazy\" decoding=\"async\" class=\"size-full wp-image-1259\" title=\"2\u00aafira del comer\u00e7\" src=\"http:\/\/agora.xtec.cat\/escolademusicsijpc\/wp-content\/uploads\/usu459\/2011\/05\/fira.gif\" alt=\"\" width=\"142\" height=\"200\" \/><figcaption class=\"wp-caption-text\">raval&#8217;s band<\/figcaption><\/figure>\n<p>&nbsp;<\/p>\n<ul>\n<li>\n<div>De 11:30 a 13h. actuar\u00e0 la Raval&#8217;s Band a la 2\u00aa Fira\u00a0del Comer\u00e7 Primavera Raval a la\u00a0Pl. dels \u00c0ngels<\/div>\n<\/li>\n<li>A la Nit dels Museus actuaci\u00f3 de la\u00a0Spontaneous Combustion\u00a0a les 19h. al Museu Mar\u00edtim.<\/li>\n<li>I a les 19;30h. actuaci\u00f3 de la Raval&#8217;s Band tamb\u00e9 al Museu Mar\u00edtim.<\/li>\n<\/ul>\n","protected":false},"excerpt":{"rendered":"<p>raval&#8217;s band<br \/>\n&nbsp;<\/p>\n<ul>\n<li>\nDe 11:30 a 13h. actuar\u00e0 la Raval&#8217;s Band a la 2\u00aa Fira\u00a0del Comer\u00e7 Primavera Raval a la\u00a0Pl. dels \u00c0ngels\n<\/li>\n<li>A la Nit dels Museus actuaci\u00f3 de la\u00a0Spontaneous Combustion\u00a0a les 19h. al Museu Mar\u00edtim.<\/li>\n<li>I a les 19;30h. actuaci\u00f3 de la Raval&#8217;s Band tamb\u00e9 al Museu Mar\u00edtim.<\/li>\n<\/ul>\n","protected":false},"author":1,"featured_media":1259,"comment_status":"open","ping_status":"open","sticky":false,"template":"","format":"standard","meta":{"_bbp_topic_count":0,"_bbp_reply_count":0,"_bbp_total_topic_count":0,"_bbp_total_reply_count":0,"_bbp_voice_count":0,"_bbp_anonymous_reply_count":0,"_bbp_topic_count_hidden":0,"_bbp_reply_count_hidden":0,"_bbp_forum_subforum_count":0,"footnotes":""},"categories":[62,75],"tags":[80,96],"class_list":["post-1258","post","type-post","status-publish","format-standard","has-post-thumbnail","hentry","category-combos","category-ravals-band","tag-combos","tag-ravals"],"post_mailing_queue_ids":[],"_links":{"self":[{"href":"https:\/\/agora.xtec.cat\/escolademusicsijpc\/wp-json\/wp\/v2\/posts\/1258","targetHints":{"allow":["GET"]}}],"collection":[{"href":"https:\/\/agora.xtec.cat\/escolademusicsijpc\/wp-json\/wp\/v2\/posts"}],"about":[{"href":"https:\/\/agora.xtec.cat\/escolademusicsijpc\/wp-json\/wp\/v2\/types\/post"}],"author":[{"embeddable":true,"href":"https:\/\/agora.xtec.cat\/escolademusicsijpc\/wp-json\/wp\/v2\/users\/1"}],"replies":[{"embeddable":true,"href":"https:\/\/agora.xtec.cat\/escolademusicsijpc\/wp-json\/wp\/v2\/comments?post=1258"}],"version-history":[{"count":2,"href":"https:\/\/agora.xtec.cat\/escolademusicsijpc\/wp-json\/wp\/v2\/posts\/1258\/revisions"}],"predecessor-version":[{"id":4823,"href":"https:\/\/agora.xtec.cat\/escolademusicsijpc\/wp-json\/wp\/v2\/posts\/1258\/revisions\/4823"}],"wp:featuredmedia":[{"embeddable":true,"href":"https:\/\/agora.xtec.cat\/escolademusicsijpc\/wp-json\/wp\/v2\/media\/1259"}],"wp:attachment":[{"href":"https:\/\/agora.xtec.cat\/escolademusicsijpc\/wp-json\/wp\/v2\/media?parent=1258"}],"wp:term":[{"taxonomy":"category","embeddable":true,"href":"https:\/\/agora.xtec.cat\/escolademusicsijpc\/wp-json\/wp\/v2\/categories?post=1258"},{"taxonomy":"post_tag","embeddable":true,"href":"https:\/\/agora.xtec.cat\/escolademusicsijpc\/wp-json\/wp\/v2\/tags?post=1258"}],"curies":[{"name":"wp","href":"https:\/\/api.w.org\/{rel}","templated":true}]}}