{"id":1227,"date":"2011-04-12T18:03:17","date_gmt":"2011-04-12T17:03:17","guid":{"rendered":"http:\/\/lescolademusicsijpc.wordpress.com\/?p=1227"},"modified":"2016-02-03T20:03:32","modified_gmt":"2016-02-03T19:03:32","slug":"vi-mostra-de-joves-guitarristes-de-catalunya","status":"publish","type":"post","link":"https:\/\/agora.xtec.cat\/escolademusicsijpc\/general\/vi-mostra-de-joves-guitarristes-de-catalunya\/","title":{"rendered":"VI Mostra de Joves Guitarristes de Catalunya"},"content":{"rendered":"<figure class=\"figure wp-caption alignleft\"><img loading=\"lazy\" decoding=\"async\" class=\"size-full wp-image-1228\" title=\"bruna\" src=\"http:\/\/agora.xtec.cat\/escolademusicsijpc\/wp-content\/uploads\/usu459\/2011\/04\/bruna.gif\" alt=\"\" width=\"200\" height=\"150\" \/><figcaption class=\"wp-caption-text\">Bruna<\/figcaption><\/figure>\n<p>L\u2019alumna Bruna Escol\u00e0, que actuament est\u00e0 cursant el 6\u00e8 de nivell elemental a l\u2019escola, ha estat seleccionada en la VI Mostra de Joves Guitarristes de Catalunya, que es va celebrar el 29 de gener al Conservatori de la Diputaci\u00f3 de Tarragona.<\/p>\n<p>S\u2019hi presentaren un total de 26 guitarristes de tot Catalunya, d\u2019edats compreses entre els 8 i els 17 anys, en formacions solistes i de cambra, dels quals se\u2019n van seleccionar 11.<\/p>\n<p>El premi es basa en una gira de concerts per diferents auditoris i espais de la prov\u00edncia de Tarragona, i la gravaci\u00f3 d\u2019un dvd conjunt entre tots els participants seleccionats.<\/p>\n<p>El concert de cloenda ser\u00e0 el 17 de juny a l\u2019Auditori Pau Casals del Vendrell, on actuaran en la primera part tots els guitarristes que han fet la gira, i en la segona el concertista Juan Becerra.<\/p>\n","protected":false},"excerpt":{"rendered":"<p>Bruna<br \/>\nL\u2019alumna Bruna Escol\u00e0, que actuament est\u00e0 cursant el 6\u00e8 de nivell elemental a l\u2019escola, ha estat seleccionada en la VI Mostra de Joves Guitarristes de Catalunya, que es va celebrar el 29 de gener al Conservatori de la Diputaci\u00f3 de Tarragona.<br \/>\nS\u2019hi presentaren un total de&hellip;  <a href=\"https:\/\/agora.xtec.cat\/escolademusicsijpc\/general\/vi-mostra-de-joves-guitarristes-de-catalunya\/\" title=\"Read VI Mostra de Joves Guitarristes de Catalunya\">Llegeix m\u00e9s\u00bb<\/a><\/p>\n","protected":false},"author":1,"featured_media":1228,"comment_status":"open","ping_status":"open","sticky":false,"template":"","format":"standard","meta":{"_bbp_topic_count":0,"_bbp_reply_count":0,"_bbp_total_topic_count":0,"_bbp_total_reply_count":0,"_bbp_voice_count":0,"_bbp_anonymous_reply_count":0,"_bbp_topic_count_hidden":0,"_bbp_reply_count_hidden":0,"_bbp_forum_subforum_count":0,"footnotes":""},"categories":[1],"tags":[86],"class_list":["post-1227","post","type-post","status-publish","format-standard","has-post-thumbnail","hentry","category-general","tag-guitarres"],"post_mailing_queue_ids":[],"_links":{"self":[{"href":"https:\/\/agora.xtec.cat\/escolademusicsijpc\/wp-json\/wp\/v2\/posts\/1227","targetHints":{"allow":["GET"]}}],"collection":[{"href":"https:\/\/agora.xtec.cat\/escolademusicsijpc\/wp-json\/wp\/v2\/posts"}],"about":[{"href":"https:\/\/agora.xtec.cat\/escolademusicsijpc\/wp-json\/wp\/v2\/types\/post"}],"author":[{"embeddable":true,"href":"https:\/\/agora.xtec.cat\/escolademusicsijpc\/wp-json\/wp\/v2\/users\/1"}],"replies":[{"embeddable":true,"href":"https:\/\/agora.xtec.cat\/escolademusicsijpc\/wp-json\/wp\/v2\/comments?post=1227"}],"version-history":[{"count":2,"href":"https:\/\/agora.xtec.cat\/escolademusicsijpc\/wp-json\/wp\/v2\/posts\/1227\/revisions"}],"predecessor-version":[{"id":5144,"href":"https:\/\/agora.xtec.cat\/escolademusicsijpc\/wp-json\/wp\/v2\/posts\/1227\/revisions\/5144"}],"wp:featuredmedia":[{"embeddable":true,"href":"https:\/\/agora.xtec.cat\/escolademusicsijpc\/wp-json\/wp\/v2\/media\/1228"}],"wp:attachment":[{"href":"https:\/\/agora.xtec.cat\/escolademusicsijpc\/wp-json\/wp\/v2\/media?parent=1227"}],"wp:term":[{"taxonomy":"category","embeddable":true,"href":"https:\/\/agora.xtec.cat\/escolademusicsijpc\/wp-json\/wp\/v2\/categories?post=1227"},{"taxonomy":"post_tag","embeddable":true,"href":"https:\/\/agora.xtec.cat\/escolademusicsijpc\/wp-json\/wp\/v2\/tags?post=1227"}],"curies":[{"name":"wp","href":"https:\/\/api.w.org\/{rel}","templated":true}]}}