{"id":1212,"date":"2011-03-31T16:57:16","date_gmt":"2011-03-31T15:57:16","guid":{"rendered":"http:\/\/lescolademusicsijpc.wordpress.com\/?p=1212"},"modified":"2016-02-10T18:01:53","modified_gmt":"2016-02-10T17:01:53","slug":"master-classes-de-mauro-rossi","status":"publish","type":"post","link":"https:\/\/agora.xtec.cat\/escolademusicsijpc\/master-classes\/master-classes-de-mauro-rossi\/","title":{"rendered":"M\u00e0ster Classes de Mauro Rossi"},"content":{"rendered":"<figure class=\"figure wp-caption alignleft\"><img loading=\"lazy\" decoding=\"async\" class=\"size-full wp-image-1215\" title=\"Mauro-Rossi\" src=\"http:\/\/agora.xtec.cat\/escolademusicsijpc\/wp-content\/uploads\/usu459\/2011\/03\/mauro-rossi.gif\" alt=\"\" width=\"142\" height=\"200\" \/><figcaption class=\"wp-caption-text\">M\u00e0ster Classes<\/figcaption><\/figure>\n<ul>\n<li>A trav\u00e9s de l&#8217;\u00e0mplia experi\u00e8ncia d&#8217;aquest gran violinista, concertista i professor els alumnes interpretaran, acompanyats al piano o sols depenent de cada alumne, el repertori que porten preparant durant el curs individualment. No nom\u00e9s es treballar\u00e0 la perspectiva de solista sin\u00f3 que gr\u00e0cies a tota la seva tasca al capdavant de les orquestres m\u00e9s importants intentar\u00e0 donar una visi\u00f3 i consells orquestrals per tal d&#8217;educar l&#8217;actitud dels futurs m\u00fasics en la interpretaci\u00f3 col\u00b7lectiva.<\/li>\n<li>Dissabte 14 de Maig a les 10h del mat\u00ed al C\/Carme\u00a0 n\u00ba15.<\/li>\n<li>Preus: 15\u20ac alumne actiu \u00b7 5\u20ac alumne oient.<\/li>\n<li>15 d\u2019Abril data l\u00edmit d\u2019inscripci\u00f3.<\/li>\n<\/ul>\n","protected":false},"excerpt":{"rendered":"<p>M\u00e0ster Classes<\/p>\n<ul>\n<li>A trav\u00e9s de l&#8217;\u00e0mplia experi\u00e8ncia d&#8217;aquest gran violinista, concertista i professor els alumnes interpretaran, acompanyats al piano o sols depenent de cada alumne, el repertori que porten preparant durant el curs individualment. No nom\u00e9s es treballar\u00e0 la perspectiva de solista sin\u00f3 que gr\u00e0cies a&hellip;  <a href=\"https:\/\/agora.xtec.cat\/escolademusicsijpc\/master-classes\/master-classes-de-mauro-rossi\/\" title=\"Read M\u00e0ster Classes de Mauro Rossi\">Llegeix m\u00e9s\u00bb<\/a><br \/>\n","protected":false},"author":1,"featured_media":1215,"comment_status":"open","ping_status":"open","sticky":false,"template":"","format":"standard","meta":{"_bbp_topic_count":0,"_bbp_reply_count":0,"_bbp_total_topic_count":0,"_bbp_total_reply_count":0,"_bbp_voice_count":0,"_bbp_anonymous_reply_count":0,"_bbp_topic_count_hidden":0,"_bbp_reply_count_hidden":0,"_bbp_forum_subforum_count":0,"footnotes":""},"categories":[69],"tags":[89,100],"class_list":["post-1212","post","type-post","status-publish","format-standard","has-post-thumbnail","hentry","category-master-classes","tag-master-classes","tag-violi"],"post_mailing_queue_ids":[],"_links":{"self":[{"href":"https:\/\/agora.xtec.cat\/escolademusicsijpc\/wp-json\/wp\/v2\/posts\/1212","targetHints":{"allow":["GET"]}}],"collection":[{"href":"https:\/\/agora.xtec.cat\/escolademusicsijpc\/wp-json\/wp\/v2\/posts"}],"about":[{"href":"https:\/\/agora.xtec.cat\/escolademusicsijpc\/wp-json\/wp\/v2\/types\/post"}],"author":[{"embeddable":true,"href":"https:\/\/agora.xtec.cat\/escolademusicsijpc\/wp-json\/wp\/v2\/users\/1"}],"replies":[{"embeddable":true,"href":"https:\/\/agora.xtec.cat\/escolademusicsijpc\/wp-json\/wp\/v2\/comments?post=1212"}],"version-history":[{"count":2,"href":"https:\/\/agora.xtec.cat\/escolademusicsijpc\/wp-json\/wp\/v2\/posts\/1212\/revisions"}],"predecessor-version":[{"id":5362,"href":"https:\/\/agora.xtec.cat\/escolademusicsijpc\/wp-json\/wp\/v2\/posts\/1212\/revisions\/5362"}],"wp:featuredmedia":[{"embeddable":true,"href":"https:\/\/agora.xtec.cat\/escolademusicsijpc\/wp-json\/wp\/v2\/media\/1215"}],"wp:attachment":[{"href":"https:\/\/agora.xtec.cat\/escolademusicsijpc\/wp-json\/wp\/v2\/media?parent=1212"}],"wp:term":[{"taxonomy":"category","embeddable":true,"href":"https:\/\/agora.xtec.cat\/escolademusicsijpc\/wp-json\/wp\/v2\/categories?post=1212"},{"taxonomy":"post_tag","embeddable":true,"href":"https:\/\/agora.xtec.cat\/escolademusicsijpc\/wp-json\/wp\/v2\/tags?post=1212"}],"curies":[{"name":"wp","href":"https:\/\/api.w.org\/{rel}","templated":true}]}}