{"id":10230,"date":"2025-06-03T20:09:59","date_gmt":"2025-06-03T18:09:59","guid":{"rendered":"https:\/\/agora.xtec.cat\/escolademusicsijpc\/?p=10230"},"modified":"2025-06-03T20:10:03","modified_gmt":"2025-06-03T18:10:03","slug":"the-pop-rockers-en-concert-2","status":"publish","type":"post","link":"https:\/\/agora.xtec.cat\/escolademusicsijpc\/general\/the-pop-rockers-en-concert-2\/","title":{"rendered":"The Pop Rockers en concert"},"content":{"rendered":"<p>@thepoprockers_lem de l\u2019escola de m\u00fasics representaran els pr\u00f2xims dies 21 i 22 de Juny el musical Grease. Entrada gratu\u00efta amb reserva pr\u00e8via.<br \/>\n<a href=\"https:\/\/www.facebook.com\/hashtag\/raval?__eep__=6&amp;__tn__=*NK*F\">#Raval<\/a>\u00a0<a href=\"https:\/\/www.facebook.com\/hashtag\/art?__eep__=6&amp;__tn__=*NK*F\">#art<\/a>\u00a0<a href=\"https:\/\/www.facebook.com\/hashtag\/cultura?__eep__=6&amp;__tn__=*NK*F\">#cultura<\/a>\u00a0<a href=\"https:\/\/www.facebook.com\/hashtag\/lescoladem%C3%BAsics?__eep__=6&amp;__tn__=*NK*F\">#lescoladem\u00fasics<\/a><\/p>\n<p><a href=\"https:\/\/agora.xtec.cat\/escolademusicsijpc\/wp-content\/uploads\/usu459\/2025\/06\/502712317_18372796741193594_3664434788357566360_n.jpeg\"><img loading=\"lazy\" decoding=\"async\" class=\"aligncenter size-large wp-image-10231\" src=\"https:\/\/agora.xtec.cat\/escolademusicsijpc\/wp-content\/uploads\/usu459\/2025\/06\/502712317_18372796741193594_3664434788357566360_n-1024x1024.jpeg\" alt=\"\" width=\"1024\" height=\"1024\" srcset=\"https:\/\/agora.xtec.cat\/escolademusicsijpc\/wp-content\/uploads\/usu459\/2025\/06\/502712317_18372796741193594_3664434788357566360_n-1024x1024.jpeg 1024w, https:\/\/agora.xtec.cat\/escolademusicsijpc\/wp-content\/uploads\/usu459\/2025\/06\/502712317_18372796741193594_3664434788357566360_n-300x300.jpeg 300w, https:\/\/agora.xtec.cat\/escolademusicsijpc\/wp-content\/uploads\/usu459\/2025\/06\/502712317_18372796741193594_3664434788357566360_n-150x150.jpeg 150w, https:\/\/agora.xtec.cat\/escolademusicsijpc\/wp-content\/uploads\/usu459\/2025\/06\/502712317_18372796741193594_3664434788357566360_n-768x768.jpeg 768w, https:\/\/agora.xtec.cat\/escolademusicsijpc\/wp-content\/uploads\/usu459\/2025\/06\/502712317_18372796741193594_3664434788357566360_n.jpeg 1440w\" sizes=\"auto, (max-width: 1024px) 100vw, 1024px\" \/><\/a><\/p>\n","protected":false},"excerpt":{"rendered":"<p>@thepoprockers_lem de l\u2019escola de m\u00fasics representaran els pr\u00f2xims dies 21 i 22 de Juny el musical Grease. Entrada gratu\u00efta amb reserva pr\u00e8via.<br \/>\n<a href=\"https:\/\/www.facebook.com\/hashtag\/raval?__eep__=6&amp;__tn__=*NK*F\">#Raval<\/a>\u00a0<a href=\"https:\/\/www.facebook.com\/hashtag\/art?__eep__=6&amp;__tn__=*NK*F\">#art<\/a>\u00a0<a href=\"https:\/\/www.facebook.com\/hashtag\/cultura?__eep__=6&amp;__tn__=*NK*F\">#cultura<\/a>\u00a0<a href=\"https:\/\/www.facebook.com\/hashtag\/lescoladem%C3%BAsics?__eep__=6&amp;__tn__=*NK*F\">#lescoladem\u00fasics<\/a><br \/>\n<a href=\"https:\/\/agora.xtec.cat\/escolademusicsijpc\/wp-content\/uploads\/usu459\/2025\/06\/502712317_18372796741193594_3664434788357566360_n.jpeg\"><\/a><\/p>\n","protected":false},"author":3,"featured_media":10231,"comment_status":"open","ping_status":"open","sticky":false,"template":"","format":"standard","meta":{"_bbp_topic_count":0,"_bbp_reply_count":0,"_bbp_total_topic_count":0,"_bbp_total_reply_count":0,"_bbp_voice_count":0,"_bbp_anonymous_reply_count":0,"_bbp_topic_count_hidden":0,"_bbp_reply_count_hidden":0,"_bbp_forum_subforum_count":0,"footnotes":""},"categories":[66,1,141,104],"tags":[],"class_list":["post-10230","post","type-post","status-publish","format-standard","has-post-thumbnail","hentry","category-corals","category-general","category-the-pop-rockers","category-uncategorized"],"post_mailing_queue_ids":[],"_links":{"self":[{"href":"https:\/\/agora.xtec.cat\/escolademusicsijpc\/wp-json\/wp\/v2\/posts\/10230","targetHints":{"allow":["GET"]}}],"collection":[{"href":"https:\/\/agora.xtec.cat\/escolademusicsijpc\/wp-json\/wp\/v2\/posts"}],"about":[{"href":"https:\/\/agora.xtec.cat\/escolademusicsijpc\/wp-json\/wp\/v2\/types\/post"}],"author":[{"embeddable":true,"href":"https:\/\/agora.xtec.cat\/escolademusicsijpc\/wp-json\/wp\/v2\/users\/3"}],"replies":[{"embeddable":true,"href":"https:\/\/agora.xtec.cat\/escolademusicsijpc\/wp-json\/wp\/v2\/comments?post=10230"}],"version-history":[{"count":1,"href":"https:\/\/agora.xtec.cat\/escolademusicsijpc\/wp-json\/wp\/v2\/posts\/10230\/revisions"}],"predecessor-version":[{"id":10232,"href":"https:\/\/agora.xtec.cat\/escolademusicsijpc\/wp-json\/wp\/v2\/posts\/10230\/revisions\/10232"}],"wp:featuredmedia":[{"embeddable":true,"href":"https:\/\/agora.xtec.cat\/escolademusicsijpc\/wp-json\/wp\/v2\/media\/10231"}],"wp:attachment":[{"href":"https:\/\/agora.xtec.cat\/escolademusicsijpc\/wp-json\/wp\/v2\/media?parent=10230"}],"wp:term":[{"taxonomy":"category","embeddable":true,"href":"https:\/\/agora.xtec.cat\/escolademusicsijpc\/wp-json\/wp\/v2\/categories?post=10230"},{"taxonomy":"post_tag","embeddable":true,"href":"https:\/\/agora.xtec.cat\/escolademusicsijpc\/wp-json\/wp\/v2\/tags?post=10230"}],"curies":[{"name":"wp","href":"https:\/\/api.w.org\/{rel}","templated":true}]}}