{"id":10221,"date":"2025-05-21T18:24:00","date_gmt":"2025-05-21T16:24:00","guid":{"rendered":"https:\/\/agora.xtec.cat\/escolademusicsijpc\/?p=10221"},"modified":"2025-05-21T18:25:24","modified_gmt":"2025-05-21T16:25:24","slug":"marato-de-pianistes","status":"publish","type":"post","link":"https:\/\/agora.xtec.cat\/escolademusicsijpc\/general\/marato-de-pianistes\/","title":{"rendered":"Marat\u00f3 de pianistes"},"content":{"rendered":"<p>El pr\u00f2xim 31 de maig marat\u00f3 de pianistes de L&#8217;EM al\u00a0<a href=\"https:\/\/www.instagram.com\/_u\/macba_barcelona?fbclid=IwZXh0bgNhZW0CMTAAYnJpZBEwNzFwa2ltUGFYVXhyTHR5TQEelG5GT8kUX9-9Px7tnwjscuW1eqdn3E885P85AWFEHYOeYBmnJi-irNHdfCo_aem_UiWEzPLV5Pj0J_zDL7NruQ\" target=\"_blank\" rel=\"noreferrer noopener\">@macba_barcelona<\/a><a href=\"https:\/\/agora.xtec.cat\/escolademusicsijpc\/wp-content\/uploads\/usu459\/2025\/05\/498334194_18371564884193594_2895188196907731991_n.jpeg\">\u00a0. <\/a>De 16 a 20 hores.<a href=\"https:\/\/agora.xtec.cat\/escolademusicsijpc\/wp-content\/uploads\/usu459\/2025\/05\/498334194_18371564884193594_2895188196907731991_n.jpeg\"><br \/>\n<\/a><a href=\"https:\/\/www.facebook.com\/hashtag\/lescoladem%C3%BAsics?__eep__=6&amp;__cft__[0]=AZW1Z-wyHN7R1cUaRfPV6lLpnBIw-cym-ZSw8cfsUyi9kJtheM7VqqH84JYyj_mU0SA1pje6wvE8YM_jXQSJ-xxazmw6okMCMzKJIDZIE372ouIPfY6nxpSlCwtc5vHwSXrS9LO3BvA9GILFRzNGsTdKbujoTqqxZga0NPlTwdSHoLjo62VxGiFEq8U8pCG44v6LaGoialgdJy3wohqrWcyM&amp;__tn__=*NK*F\">#lescoladem\u00fasics<\/a><a href=\"https:\/\/agora.xtec.cat\/escolademusicsijpc\/wp-content\/uploads\/usu459\/2025\/05\/498334194_18371564884193594_2895188196907731991_n.jpeg\">\u00a0<\/a><a href=\"https:\/\/www.facebook.com\/hashtag\/cultura?__eep__=6&amp;__cft__[0]=AZW1Z-wyHN7R1cUaRfPV6lLpnBIw-cym-ZSw8cfsUyi9kJtheM7VqqH84JYyj_mU0SA1pje6wvE8YM_jXQSJ-xxazmw6okMCMzKJIDZIE372ouIPfY6nxpSlCwtc5vHwSXrS9LO3BvA9GILFRzNGsTdKbujoTqqxZga0NPlTwdSHoLjo62VxGiFEq8U8pCG44v6LaGoialgdJy3wohqrWcyM&amp;__tn__=*NK*F\">#cultura<\/a><a href=\"https:\/\/agora.xtec.cat\/escolademusicsijpc\/wp-content\/uploads\/usu459\/2025\/05\/498334194_18371564884193594_2895188196907731991_n.jpeg\">\u00a0<\/a><a href=\"https:\/\/www.facebook.com\/hashtag\/art?__eep__=6&amp;__cft__[0]=AZW1Z-wyHN7R1cUaRfPV6lLpnBIw-cym-ZSw8cfsUyi9kJtheM7VqqH84JYyj_mU0SA1pje6wvE8YM_jXQSJ-xxazmw6okMCMzKJIDZIE372ouIPfY6nxpSlCwtc5vHwSXrS9LO3BvA9GILFRzNGsTdKbujoTqqxZga0NPlTwdSHoLjo62VxGiFEq8U8pCG44v6LaGoialgdJy3wohqrWcyM&amp;__tn__=*NK*F\">#art<\/a><a href=\"https:\/\/agora.xtec.cat\/escolademusicsijpc\/wp-content\/uploads\/usu459\/2025\/05\/498334194_18371564884193594_2895188196907731991_n.jpeg\">\u00a0<\/a><a href=\"https:\/\/www.facebook.com\/hashtag\/piano?__eep__=6&amp;__cft__[0]=AZW1Z-wyHN7R1cUaRfPV6lLpnBIw-cym-ZSw8cfsUyi9kJtheM7VqqH84JYyj_mU0SA1pje6wvE8YM_jXQSJ-xxazmw6okMCMzKJIDZIE372ouIPfY6nxpSlCwtc5vHwSXrS9LO3BvA9GILFRzNGsTdKbujoTqqxZga0NPlTwdSHoLjo62VxGiFEq8U8pCG44v6LaGoialgdJy3wohqrWcyM&amp;__tn__=*NK*F\">#piano<\/a><a href=\"https:\/\/agora.xtec.cat\/escolademusicsijpc\/wp-content\/uploads\/usu459\/2025\/05\/498334194_18371564884193594_2895188196907731991_n.jpeg\"><img loading=\"lazy\" decoding=\"async\" class=\"aligncenter size-large wp-image-10222\" src=\"https:\/\/agora.xtec.cat\/escolademusicsijpc\/wp-content\/uploads\/usu459\/2025\/05\/498334194_18371564884193594_2895188196907731991_n-1024x1024.jpeg\" alt=\"\" width=\"1024\" height=\"1024\" srcset=\"https:\/\/agora.xtec.cat\/escolademusicsijpc\/wp-content\/uploads\/usu459\/2025\/05\/498334194_18371564884193594_2895188196907731991_n-1024x1024.jpeg 1024w, https:\/\/agora.xtec.cat\/escolademusicsijpc\/wp-content\/uploads\/usu459\/2025\/05\/498334194_18371564884193594_2895188196907731991_n-300x300.jpeg 300w, https:\/\/agora.xtec.cat\/escolademusicsijpc\/wp-content\/uploads\/usu459\/2025\/05\/498334194_18371564884193594_2895188196907731991_n-150x150.jpeg 150w, https:\/\/agora.xtec.cat\/escolademusicsijpc\/wp-content\/uploads\/usu459\/2025\/05\/498334194_18371564884193594_2895188196907731991_n-768x768.jpeg 768w, https:\/\/agora.xtec.cat\/escolademusicsijpc\/wp-content\/uploads\/usu459\/2025\/05\/498334194_18371564884193594_2895188196907731991_n.jpeg 1440w\" sizes=\"auto, (max-width: 1024px) 100vw, 1024px\" \/><\/a><\/p>\n","protected":false},"excerpt":{"rendered":"<p>El pr\u00f2xim 31 de maig marat\u00f3 de pianistes de L&#8217;EM al\u00a0<a href=\"https:\/\/www.instagram.com\/_u\/macba_barcelona?fbclid=IwZXh0bgNhZW0CMTAAYnJpZBEwNzFwa2ltUGFYVXhyTHR5TQEelG5GT8kUX9-9Px7tnwjscuW1eqdn3E885P85AWFEHYOeYBmnJi-irNHdfCo_aem_UiWEzPLV5Pj0J_zDL7NruQ\" target=\"_blank\" rel=\"noreferrer noopener\">@macba_barcelona<\/a><a href=\"https:\/\/agora.xtec.cat\/escolademusicsijpc\/wp-content\/uploads\/usu459\/2025\/05\/498334194_18371564884193594_2895188196907731991_n.jpeg\">\u00a0. <\/a>De 16 a 20 hores.<a href=\"https:\/\/agora.xtec.cat\/escolademusicsijpc\/wp-content\/uploads\/usu459\/2025\/05\/498334194_18371564884193594_2895188196907731991_n.jpeg\"><br \/>\n<\/a><a href=\"https:\/\/www.facebook.com\/hashtag\/lescoladem%C3%BAsics?__eep__=6&amp;__cft__[0]=AZW1Z-wyHN7R1cUaRfPV6lLpnBIw-cym-ZSw8cfsUyi9kJtheM7VqqH84JYyj_mU0SA1pje6wvE8YM_jXQSJ-xxazmw6okMCMzKJIDZIE372ouIPfY6nxpSlCwtc5vHwSXrS9LO3BvA9GILFRzNGsTdKbujoTqqxZga0NPlTwdSHoLjo62VxGiFEq8U8pCG44v6LaGoialgdJy3wohqrWcyM&amp;__tn__=*NK*F\">#lescoladem\u00fasics<\/a><a href=\"https:\/\/agora.xtec.cat\/escolademusicsijpc\/wp-content\/uploads\/usu459\/2025\/05\/498334194_18371564884193594_2895188196907731991_n.jpeg\">\u00a0<\/a><a href=\"https:\/\/www.facebook.com\/hashtag\/cultura?__eep__=6&amp;__cft__[0]=AZW1Z-wyHN7R1cUaRfPV6lLpnBIw-cym-ZSw8cfsUyi9kJtheM7VqqH84JYyj_mU0SA1pje6wvE8YM_jXQSJ-xxazmw6okMCMzKJIDZIE372ouIPfY6nxpSlCwtc5vHwSXrS9LO3BvA9GILFRzNGsTdKbujoTqqxZga0NPlTwdSHoLjo62VxGiFEq8U8pCG44v6LaGoialgdJy3wohqrWcyM&amp;__tn__=*NK*F\">#cultura<\/a><a href=\"https:\/\/agora.xtec.cat\/escolademusicsijpc\/wp-content\/uploads\/usu459\/2025\/05\/498334194_18371564884193594_2895188196907731991_n.jpeg\">\u00a0<\/a><a href=\"https:\/\/www.facebook.com\/hashtag\/art?__eep__=6&amp;__cft__[0]=AZW1Z-wyHN7R1cUaRfPV6lLpnBIw-cym-ZSw8cfsUyi9kJtheM7VqqH84JYyj_mU0SA1pje6wvE8YM_jXQSJ-xxazmw6okMCMzKJIDZIE372ouIPfY6nxpSlCwtc5vHwSXrS9LO3BvA9GILFRzNGsTdKbujoTqqxZga0NPlTwdSHoLjo62VxGiFEq8U8pCG44v6LaGoialgdJy3wohqrWcyM&amp;__tn__=*NK*F\">#art<\/a><a href=\"https:\/\/agora.xtec.cat\/escolademusicsijpc\/wp-content\/uploads\/usu459\/2025\/05\/498334194_18371564884193594_2895188196907731991_n.jpeg\">\u00a0<\/a><a href=\"https:\/\/www.facebook.com\/hashtag\/piano?__eep__=6&amp;__cft__[0]=AZW1Z-wyHN7R1cUaRfPV6lLpnBIw-cym-ZSw8cfsUyi9kJtheM7VqqH84JYyj_mU0SA1pje6wvE8YM_jXQSJ-xxazmw6okMCMzKJIDZIE372ouIPfY6nxpSlCwtc5vHwSXrS9LO3BvA9GILFRzNGsTdKbujoTqqxZga0NPlTwdSHoLjo62VxGiFEq8U8pCG44v6LaGoialgdJy3wohqrWcyM&amp;__tn__=*NK*F\">#piano<\/a><a href=\"https:\/\/agora.xtec.cat\/escolademusicsijpc\/wp-content\/uploads\/usu459\/2025\/05\/498334194_18371564884193594_2895188196907731991_n.jpeg\"><\/a><\/p>\n","protected":false},"author":3,"featured_media":10222,"comment_status":"open","ping_status":"closed","sticky":false,"template":"","format":"standard","meta":{"_bbp_topic_count":0,"_bbp_reply_count":0,"_bbp_total_topic_count":0,"_bbp_total_reply_count":0,"_bbp_voice_count":0,"_bbp_anonymous_reply_count":0,"_bbp_topic_count_hidden":0,"_bbp_reply_count_hidden":0,"_bbp_forum_subforum_count":0,"footnotes":""},"categories":[63,1,104],"tags":[],"class_list":["post-10221","post","type-post","status-publish","format-standard","has-post-thumbnail","hentry","category-concerts","category-general","category-uncategorized"],"post_mailing_queue_ids":[],"_links":{"self":[{"href":"https:\/\/agora.xtec.cat\/escolademusicsijpc\/wp-json\/wp\/v2\/posts\/10221","targetHints":{"allow":["GET"]}}],"collection":[{"href":"https:\/\/agora.xtec.cat\/escolademusicsijpc\/wp-json\/wp\/v2\/posts"}],"about":[{"href":"https:\/\/agora.xtec.cat\/escolademusicsijpc\/wp-json\/wp\/v2\/types\/post"}],"author":[{"embeddable":true,"href":"https:\/\/agora.xtec.cat\/escolademusicsijpc\/wp-json\/wp\/v2\/users\/3"}],"replies":[{"embeddable":true,"href":"https:\/\/agora.xtec.cat\/escolademusicsijpc\/wp-json\/wp\/v2\/comments?post=10221"}],"version-history":[{"count":1,"href":"https:\/\/agora.xtec.cat\/escolademusicsijpc\/wp-json\/wp\/v2\/posts\/10221\/revisions"}],"predecessor-version":[{"id":10223,"href":"https:\/\/agora.xtec.cat\/escolademusicsijpc\/wp-json\/wp\/v2\/posts\/10221\/revisions\/10223"}],"wp:featuredmedia":[{"embeddable":true,"href":"https:\/\/agora.xtec.cat\/escolademusicsijpc\/wp-json\/wp\/v2\/media\/10222"}],"wp:attachment":[{"href":"https:\/\/agora.xtec.cat\/escolademusicsijpc\/wp-json\/wp\/v2\/media?parent=10221"}],"wp:term":[{"taxonomy":"category","embeddable":true,"href":"https:\/\/agora.xtec.cat\/escolademusicsijpc\/wp-json\/wp\/v2\/categories?post=10221"},{"taxonomy":"post_tag","embeddable":true,"href":"https:\/\/agora.xtec.cat\/escolademusicsijpc\/wp-json\/wp\/v2\/tags?post=10221"}],"curies":[{"name":"wp","href":"https:\/\/api.w.org\/{rel}","templated":true}]}}