{"id":10209,"date":"2025-04-30T17:01:50","date_gmt":"2025-04-30T15:01:50","guid":{"rendered":"https:\/\/agora.xtec.cat\/escolademusicsijpc\/?p=10209"},"modified":"2025-05-06T17:04:50","modified_gmt":"2025-05-06T15:04:50","slug":"casals-musicals-destiu","status":"publish","type":"post","link":"https:\/\/agora.xtec.cat\/escolademusicsijpc\/general\/casals-musicals-destiu\/","title":{"rendered":"Casals Musicals d\u2019estiu"},"content":{"rendered":"<p>Ja et pots apuntar al casal d\u2019estiu de L\u2019escola de M\u00fasics. Places limitades. Corre!!!! \ud83d\ude42<\/p>\n<p class=\"has-text-align-center has-luminous-vivid-amber-background-color has-background\"><strong>LINK:<\/strong><\/p>\n<figure class=\"wp-block-embed is-type-rich is-provider-embed wp-block-embed-embed\">\n<div class=\"wp-block-embed__wrapper\"><a href=\"https:\/\/forms.gle\/UKxrimpSAMT4dVGM9\" rel=\"nofollow\">https:\/\/forms.gle\/UKxrimpSAMT4dVGM9<\/a><\/div>\n<\/figure>\n<p class=\"has-text-align-center has-black-color has-luminous-vivid-amber-background-color has-text-color has-background has-link-color wp-elements-8d30f3e3aa096b2d04e5c894b0646160\"><strong>Casal Estiu La Botiga dels Horrors<\/strong><\/p>\n<p><strong>Professores:<\/strong><br \/>\nYolanda Mallofr\u00e9 i T\u00e0nia Bou, directores de cors i musicals. Mestres de l\u2019Escola de M\u00fasics.<\/p>\n<p>Adaptaci\u00f3 i arranjaments: Cristina Colomer<\/p>\n<p>\u2013 Sinopsi:<\/p>\n<p>En Sergi, el florista de les Rambles, descobreix que una de\u00a0les seves plantes es menja els m\u00f2bils, les dades i el Wi-Fi,\u00a0i vol crear una App per destruir el m\u00f3n i la\u00a0imaginaci\u00f3 dels infants\u2026- Objectiu:<br \/>\nTreballar els diferents aspectes que conformen un musical com el text, la can\u00e7\u00f3, la coreografia, l\u2019escenografia i attrezzo.<br \/>\nEs finalitza el taller amb una funci\u00f3 final amb m\u00fasics en directe.<br \/>\nEs parteix de l\u2019adaptaci\u00f3 del musical de \u201cLittle shop of horrors\u201d, amb m\u00fasica d\u2019Alan Menken, compositor de \u201cLittle Mermaid\u201d o \u201cBeauty and the Beast\u201d.<br \/>\nDurant el casal cal dur roba c\u00f2moda, esmorzar i aigua.<\/p>\n<p>Dates i horari<\/p>\n<p>\u2013\u00a0Del 25 de juny al 4 de juliol de 10\u202fh a 14\u202fh<\/p>\n<p>\u2013 Acollida opcional de 9\u202fh a 10\u202fh<\/p>\n<p>\u2013 De 6 a 15 anys\u00a0(places limitades, m\u00e0xim 20 alumnes)<\/p>\n<p>\u2013 Preu casal: \u00a0200\u202f\u20ac<br \/>\nServei d\u2019acollida \u00a0de 9\u202fh a 10\u202fh (5\u202f\u20ac\/dia)<\/p>\n<p>\u2013 Per reservar la pla\u00e7a, cal pagar el 100% de la inscripci\u00f3 del casal. Tota anul\u00b7laci\u00f3 de pla\u00e7a a partir del 17 de juny del 2025 implicar\u00e0 el retorn de nom\u00e9s el 50% de la inscripci\u00f3.<\/p>\n<p>\u2013 La inscripci\u00f3 implica permetre l\u2019\u00fas dels drets d\u2019imatge per part de l\u2019Escola de M\u00fasics.<\/p>\n","protected":false},"excerpt":{"rendered":"<p>Ja et pots apuntar al casal d\u2019estiu de L\u2019escola de M\u00fasics. Places limitades. Corre!!!! \ud83d\ude42<br \/>\nLINK:<\/p>\n<p><a href=\"https:\/\/forms.gle\/UKxrimpSAMT4dVGM9\" rel=\"nofollow\">https:\/\/forms.gle\/UKxrimpSAMT4dVGM9<\/a><\/p>\n<p>Casal Estiu La Botiga dels Horrors<br \/>\nProfessores:<br \/>\nYolanda Mallofr\u00e9 i T\u00e0nia Bou, directores de cors i musicals. Mestres de l\u2019Escola de M\u00fasics.<br \/>\nAdaptaci\u00f3 i arranjaments: Cristina Colomer<br \/>\n\u2013 Sinopsi:<br \/>\nEn Sergi, el florista de&hellip;  <a href=\"https:\/\/agora.xtec.cat\/escolademusicsijpc\/general\/casals-musicals-destiu\/\" title=\"Read Casals Musicals d\u2019estiu\">Llegeix m\u00e9s\u00bb<\/a><\/p>\n","protected":false},"author":3,"featured_media":10210,"comment_status":"open","ping_status":"closed","sticky":false,"template":"","format":"standard","meta":{"_bbp_topic_count":0,"_bbp_reply_count":0,"_bbp_total_topic_count":0,"_bbp_total_reply_count":0,"_bbp_voice_count":0,"_bbp_anonymous_reply_count":0,"_bbp_topic_count_hidden":0,"_bbp_reply_count_hidden":0,"_bbp_forum_subforum_count":0,"footnotes":""},"categories":[137,1,104],"tags":[],"class_list":["post-10209","post","type-post","status-publish","format-standard","has-post-thumbnail","hentry","category-casals","category-general","category-uncategorized"],"post_mailing_queue_ids":[],"_links":{"self":[{"href":"https:\/\/agora.xtec.cat\/escolademusicsijpc\/wp-json\/wp\/v2\/posts\/10209","targetHints":{"allow":["GET"]}}],"collection":[{"href":"https:\/\/agora.xtec.cat\/escolademusicsijpc\/wp-json\/wp\/v2\/posts"}],"about":[{"href":"https:\/\/agora.xtec.cat\/escolademusicsijpc\/wp-json\/wp\/v2\/types\/post"}],"author":[{"embeddable":true,"href":"https:\/\/agora.xtec.cat\/escolademusicsijpc\/wp-json\/wp\/v2\/users\/3"}],"replies":[{"embeddable":true,"href":"https:\/\/agora.xtec.cat\/escolademusicsijpc\/wp-json\/wp\/v2\/comments?post=10209"}],"version-history":[{"count":1,"href":"https:\/\/agora.xtec.cat\/escolademusicsijpc\/wp-json\/wp\/v2\/posts\/10209\/revisions"}],"predecessor-version":[{"id":10211,"href":"https:\/\/agora.xtec.cat\/escolademusicsijpc\/wp-json\/wp\/v2\/posts\/10209\/revisions\/10211"}],"wp:featuredmedia":[{"embeddable":true,"href":"https:\/\/agora.xtec.cat\/escolademusicsijpc\/wp-json\/wp\/v2\/media\/10210"}],"wp:attachment":[{"href":"https:\/\/agora.xtec.cat\/escolademusicsijpc\/wp-json\/wp\/v2\/media?parent=10209"}],"wp:term":[{"taxonomy":"category","embeddable":true,"href":"https:\/\/agora.xtec.cat\/escolademusicsijpc\/wp-json\/wp\/v2\/categories?post=10209"},{"taxonomy":"post_tag","embeddable":true,"href":"https:\/\/agora.xtec.cat\/escolademusicsijpc\/wp-json\/wp\/v2\/tags?post=10209"}],"curies":[{"name":"wp","href":"https:\/\/api.w.org\/{rel}","templated":true}]}}