{"id":1013,"date":"2010-12-14T18:00:06","date_gmt":"2010-12-14T17:00:06","guid":{"rendered":"http:\/\/lescolademusicsijpc.wordpress.com\/?p=1013"},"modified":"2016-02-09T21:08:26","modified_gmt":"2016-02-09T20:08:26","slug":"cantada-de-nadales","status":"publish","type":"post","link":"https:\/\/agora.xtec.cat\/escolademusicsijpc\/corals\/cantada-de-nadales\/","title":{"rendered":"Cantada de Nadales"},"content":{"rendered":"<figure class=\"figure wp-caption alignleft\"><img loading=\"lazy\" decoding=\"async\" class=\"size-full wp-image-1014\" title=\"nadales 2010\" src=\"http:\/\/agora.xtec.cat\/escolademusicsijpc\/wp-content\/uploads\/usu459\/2010\/12\/nadales10.gif\" alt=\"\" width=\"141\" height=\"200\" \/><figcaption class=\"wp-caption-text\">Cantada de Nadales<\/figcaption><\/figure>\n<p>El dimarts 14 de desembre la coral de l&#8217;Escola de M\u00fasics i JPC iniciar\u00e0 el recorregut de la Cantada de Nadales a les 18:00 hores al Palau de la Virreina i el finalitzar\u00e0 a la Pla\u00e7a Aureli Capmany. Hi\u00a0haur\u00e0 xocolatada pels participants.\u00a0Us hi esperem!<\/p>\n","protected":false},"excerpt":{"rendered":"<p>Cantada de Nadales<br \/>\nEl dimarts 14 de desembre la coral de l&#8217;Escola de M\u00fasics i JPC iniciar\u00e0 el recorregut de la Cantada de Nadales a les 18:00 hores al Palau de la Virreina i el finalitzar\u00e0 a la Pla\u00e7a Aureli Capmany. Hi\u00a0haur\u00e0 xocolatada pels participants.\u00a0Us hi&hellip;  <a href=\"https:\/\/agora.xtec.cat\/escolademusicsijpc\/corals\/cantada-de-nadales\/\" title=\"Read Cantada de Nadales\">Llegeix m\u00e9s\u00bb<\/a><\/p>\n","protected":false},"author":1,"featured_media":1014,"comment_status":"open","ping_status":"open","sticky":false,"template":"","format":"standard","meta":{"_bbp_topic_count":0,"_bbp_reply_count":0,"_bbp_total_topic_count":0,"_bbp_total_reply_count":0,"_bbp_voice_count":0,"_bbp_anonymous_reply_count":0,"_bbp_topic_count_hidden":0,"_bbp_reply_count_hidden":0,"_bbp_forum_subforum_count":0,"footnotes":""},"categories":[66],"tags":[82],"class_list":["post-1013","post","type-post","status-publish","format-standard","has-post-thumbnail","hentry","category-corals","tag-corals"],"post_mailing_queue_ids":[],"_links":{"self":[{"href":"https:\/\/agora.xtec.cat\/escolademusicsijpc\/wp-json\/wp\/v2\/posts\/1013","targetHints":{"allow":["GET"]}}],"collection":[{"href":"https:\/\/agora.xtec.cat\/escolademusicsijpc\/wp-json\/wp\/v2\/posts"}],"about":[{"href":"https:\/\/agora.xtec.cat\/escolademusicsijpc\/wp-json\/wp\/v2\/types\/post"}],"author":[{"embeddable":true,"href":"https:\/\/agora.xtec.cat\/escolademusicsijpc\/wp-json\/wp\/v2\/users\/1"}],"replies":[{"embeddable":true,"href":"https:\/\/agora.xtec.cat\/escolademusicsijpc\/wp-json\/wp\/v2\/comments?post=1013"}],"version-history":[{"count":2,"href":"https:\/\/agora.xtec.cat\/escolademusicsijpc\/wp-json\/wp\/v2\/posts\/1013\/revisions"}],"predecessor-version":[{"id":5329,"href":"https:\/\/agora.xtec.cat\/escolademusicsijpc\/wp-json\/wp\/v2\/posts\/1013\/revisions\/5329"}],"wp:featuredmedia":[{"embeddable":true,"href":"https:\/\/agora.xtec.cat\/escolademusicsijpc\/wp-json\/wp\/v2\/media\/1014"}],"wp:attachment":[{"href":"https:\/\/agora.xtec.cat\/escolademusicsijpc\/wp-json\/wp\/v2\/media?parent=1013"}],"wp:term":[{"taxonomy":"category","embeddable":true,"href":"https:\/\/agora.xtec.cat\/escolademusicsijpc\/wp-json\/wp\/v2\/categories?post=1013"},{"taxonomy":"post_tag","embeddable":true,"href":"https:\/\/agora.xtec.cat\/escolademusicsijpc\/wp-json\/wp\/v2\/tags?post=1013"}],"curies":[{"name":"wp","href":"https:\/\/api.w.org\/{rel}","templated":true}]}}