{"id":10027,"date":"2024-06-17T13:51:43","date_gmt":"2024-06-17T11:51:43","guid":{"rendered":"https:\/\/agora.xtec.cat\/escolademusicsijpc\/?p=10027"},"modified":"2024-06-17T13:51:43","modified_gmt":"2024-06-17T11:51:43","slug":"concert-els-miserables","status":"publish","type":"post","link":"https:\/\/agora.xtec.cat\/escolademusicsijpc\/general\/concert-els-miserables\/","title":{"rendered":"CONCERT ELS MISERABLES"},"content":{"rendered":"<p>Benvolgudes fam\u00edlies us informem del concert que fan els alumnes de teatre musical de l\u2019Escola de M\u00fasics.<br \/>\nDimarts 18 i dimecres19\u00a0 teniu l\u2019oportunitat de veure Els Miserables a la sala Teatre del CCCB, a les 19 h.<br \/>\nUn espectacle de dues hores i mitja (amb mitja part) amb m\u00fasics en directe, combo de mestres i amb el grup de Cello.cat.<\/p>\n<p>Una experi\u00e8ncia que no us podeu perdre.<\/p>\n<p>Per reservar entrada es fa a trav\u00e9s del seg\u00fcent enlla\u00e7:<\/p>\n<p><a href=\"https:\/\/femmusica.com\/entrades\/cccb\">https:\/\/femmusica.com\/entrades\/cccb<br \/>\n<\/a><br \/>\nTaquilla inversa per recaptar diners per la investigaci\u00f3 de la malaltia pell de papallona (Fundaci\u00f3 Debra).<\/p>\n<p>Direcci\u00f3: Cristina Colomer<br \/>\nPiano: Joaquim Tardido<br \/>\nClarinet: Bartolom\u00e9 Garc\u00eda-Plata<br \/>\nBaix: Alan Garc\u00eda<br \/>\nDirecci\u00f3 Grup Cello.cat: Anna Mora<br \/>\nImatges i v\u00eddeo: Miquel Jaume Zulama<\/p>\n<p>Amb el suport de: La Boh\u00e8mia Teatre i CCCB<\/p>\n<div id=\"jp-post-flair\" class=\"sharedaddy sd-like-enabled sd-sharing-enabled\">\n<div class=\"sharedaddy sd-sharing-enabled\">\n<div class=\"robots-nocontent sd-block sd-social sd-social-official sd-sharing\">\n<h3 class=\"sd-title\"><a href=\"https:\/\/agora.xtec.cat\/escolademusicsijpc\/wp-content\/uploads\/usu459\/2024\/06\/WhatsApp-Image-2024-06-17-at-11.07.45.jpeg\"><img loading=\"lazy\" decoding=\"async\" class=\"aligncenter size-large wp-image-10028\" src=\"https:\/\/agora.xtec.cat\/escolademusicsijpc\/wp-content\/uploads\/usu459\/2024\/06\/WhatsApp-Image-2024-06-17-at-11.07.45-663x1024.jpeg\" alt=\"\" width=\"663\" height=\"1024\" srcset=\"https:\/\/agora.xtec.cat\/escolademusicsijpc\/wp-content\/uploads\/usu459\/2024\/06\/WhatsApp-Image-2024-06-17-at-11.07.45-663x1024.jpeg 663w, https:\/\/agora.xtec.cat\/escolademusicsijpc\/wp-content\/uploads\/usu459\/2024\/06\/WhatsApp-Image-2024-06-17-at-11.07.45-194x300.jpeg 194w, https:\/\/agora.xtec.cat\/escolademusicsijpc\/wp-content\/uploads\/usu459\/2024\/06\/WhatsApp-Image-2024-06-17-at-11.07.45-768x1187.jpeg 768w, https:\/\/agora.xtec.cat\/escolademusicsijpc\/wp-content\/uploads\/usu459\/2024\/06\/WhatsApp-Image-2024-06-17-at-11.07.45-994x1536.jpeg 994w, https:\/\/agora.xtec.cat\/escolademusicsijpc\/wp-content\/uploads\/usu459\/2024\/06\/WhatsApp-Image-2024-06-17-at-11.07.45.jpeg 1325w\" sizes=\"auto, (max-width: 663px) 100vw, 663px\" \/><\/a><\/h3>\n<\/div>\n<\/div>\n<\/div>\n","protected":false},"excerpt":{"rendered":"<p>Benvolgudes fam\u00edlies us informem del concert que fan els alumnes de teatre musical de l\u2019Escola de M\u00fasics.<br \/>\nDimarts 18 i dimecres19\u00a0 teniu l\u2019oportunitat de veure Els Miserables a la sala Teatre del CCCB, a les 19 h.<br \/>\nUn espectacle de dues hores i mitja (amb mitja part)&hellip;  <a href=\"https:\/\/agora.xtec.cat\/escolademusicsijpc\/general\/concert-els-miserables\/\" title=\"Read CONCERT ELS MISERABLES\">Llegeix m\u00e9s\u00bb<\/a><\/p>\n","protected":false},"author":3,"featured_media":10028,"comment_status":"open","ping_status":"closed","sticky":false,"template":"","format":"standard","meta":{"_bbp_topic_count":0,"_bbp_reply_count":0,"_bbp_total_topic_count":0,"_bbp_total_reply_count":0,"_bbp_voice_count":0,"_bbp_anonymous_reply_count":0,"_bbp_topic_count_hidden":0,"_bbp_reply_count_hidden":0,"_bbp_forum_subforum_count":0,"footnotes":""},"categories":[62,63,66,1,133,104],"tags":[],"class_list":["post-10027","post","type-post","status-publish","format-standard","has-post-thumbnail","hentry","category-combos","category-concerts","category-corals","category-general","category-grups","category-uncategorized"],"post_mailing_queue_ids":[],"_links":{"self":[{"href":"https:\/\/agora.xtec.cat\/escolademusicsijpc\/wp-json\/wp\/v2\/posts\/10027","targetHints":{"allow":["GET"]}}],"collection":[{"href":"https:\/\/agora.xtec.cat\/escolademusicsijpc\/wp-json\/wp\/v2\/posts"}],"about":[{"href":"https:\/\/agora.xtec.cat\/escolademusicsijpc\/wp-json\/wp\/v2\/types\/post"}],"author":[{"embeddable":true,"href":"https:\/\/agora.xtec.cat\/escolademusicsijpc\/wp-json\/wp\/v2\/users\/3"}],"replies":[{"embeddable":true,"href":"https:\/\/agora.xtec.cat\/escolademusicsijpc\/wp-json\/wp\/v2\/comments?post=10027"}],"version-history":[{"count":1,"href":"https:\/\/agora.xtec.cat\/escolademusicsijpc\/wp-json\/wp\/v2\/posts\/10027\/revisions"}],"predecessor-version":[{"id":10029,"href":"https:\/\/agora.xtec.cat\/escolademusicsijpc\/wp-json\/wp\/v2\/posts\/10027\/revisions\/10029"}],"wp:featuredmedia":[{"embeddable":true,"href":"https:\/\/agora.xtec.cat\/escolademusicsijpc\/wp-json\/wp\/v2\/media\/10028"}],"wp:attachment":[{"href":"https:\/\/agora.xtec.cat\/escolademusicsijpc\/wp-json\/wp\/v2\/media?parent=10027"}],"wp:term":[{"taxonomy":"category","embeddable":true,"href":"https:\/\/agora.xtec.cat\/escolademusicsijpc\/wp-json\/wp\/v2\/categories?post=10027"},{"taxonomy":"post_tag","embeddable":true,"href":"https:\/\/agora.xtec.cat\/escolademusicsijpc\/wp-json\/wp\/v2\/tags?post=10027"}],"curies":[{"name":"wp","href":"https:\/\/api.w.org\/{rel}","templated":true}]}}