{"id":2492,"date":"2026-04-22T10:00:00","date_gmt":"2026-04-22T08:00:00","guid":{"rendered":"https:\/\/agora.xtec.cat\/escolademaspujols\/?p=2492"},"modified":"2026-04-23T15:26:34","modified_gmt":"2026-04-23T13:26:34","slug":"iniciem-la-setmana-cultural-amb-la-visita-dalberto-casamayor-%f0%9f%8f%80%f0%9f%93%9a","status":"publish","type":"post","link":"https:\/\/agora.xtec.cat\/escolademaspujols\/general\/iniciem-la-setmana-cultural-amb-la-visita-dalberto-casamayor-%f0%9f%8f%80%f0%9f%93%9a\/","title":{"rendered":"Iniciem la Setmana Cultural amb la visita d&#8217;Alberto Casamayor \ud83c\udfc0\ud83d\udcda"},"content":{"rendered":"\n<p>El dilluns al mat\u00ed, per donar el tret de sortida a la Setmana Cultural, els nens i nenes de <strong>Cicle Mitj\u00e0<\/strong> vam rebre una visita molt especial: l\u2019escriptor <strong>Alberto Casamayor<\/strong>, autor de la coneguda col\u00b7lecci\u00f3 de llibres <em>Els B\u00e0squet Prodigis<\/em>. Activitat que forma part de Lletres a les aules, una iniciativa de la @lletrescatalanes i @educaciocat.<\/p>\n\n\n\n<!--more-->\n\n\n\n<p>Com que l&#8217;alumnat ja havia treballat el llibre pr\u00e8viament a l&#8217;aula, la trobada va ser una oportunitat \u00fanica per con\u00e8ixer l\u2019autor de primera m\u00e0 i adre\u00e7ar-li totes aquelles preguntes i curiositats que ens havien anat sorgint durant la lectura.<\/p>\n\n\n\n<p>Entre moltes altres coses, xerrant amb ell vam poder descobrir:<\/p>\n\n\n\n<ul class=\"wp-block-list\">\n<li>En qui es va inspirar per crear els personatges de la hist\u00f2ria.<\/li>\n\n\n\n<li>En quin moment de la seva vida va decidir que volia ser escriptor.<\/li>\n\n\n\n<li>Per qu\u00e8 va escollir narrar aquests relats en primera persona.<\/li>\n<\/ul>\n\n\n\n<p>Per rematar la sessi\u00f3, l\u2019autor ens va dedicar un temps per signar els llibres i les agendes. Plegats vam gaudir d&#8217;all\u00f2 m\u00e9s d&#8217;aquesta experi\u00e8ncia liter\u00e0ria i ens vam endur molt bones recomanacions i noves propostes lectores.<\/p>\n\n\n\n<figure class=\"wp-block-gallery has-nested-images columns-default is-cropped wp-block-gallery-1 is-layout-flex wp-block-gallery-is-layout-flex\">\n<figure class=\"wp-block-image size-large\"><a href=\"https:\/\/agora.xtec.cat\/escolademaspujols\/wp-content\/uploads\/usu1408\/2026\/04\/IMG_20260420_101720-1-scaled.jpg\"><img loading=\"lazy\" decoding=\"async\" width=\"1024\" height=\"769\" data-id=\"2495\" src=\"https:\/\/agora.xtec.cat\/escolademaspujols\/wp-content\/uploads\/usu1408\/2026\/04\/IMG_20260420_101720-1-1024x769.jpg\" alt=\"\" class=\"wp-image-2495\" srcset=\"https:\/\/agora.xtec.cat\/escolademaspujols\/wp-content\/uploads\/usu1408\/2026\/04\/IMG_20260420_101720-1-1024x769.jpg 1024w, https:\/\/agora.xtec.cat\/escolademaspujols\/wp-content\/uploads\/usu1408\/2026\/04\/IMG_20260420_101720-1-300x225.jpg 300w, https:\/\/agora.xtec.cat\/escolademaspujols\/wp-content\/uploads\/usu1408\/2026\/04\/IMG_20260420_101720-1-768x577.jpg 768w, https:\/\/agora.xtec.cat\/escolademaspujols\/wp-content\/uploads\/usu1408\/2026\/04\/IMG_20260420_101720-1-1536x1153.jpg 1536w, https:\/\/agora.xtec.cat\/escolademaspujols\/wp-content\/uploads\/usu1408\/2026\/04\/IMG_20260420_101720-1-2048x1538.jpg 2048w\" sizes=\"auto, (max-width: 1024px) 100vw, 1024px\" \/><\/a><\/figure>\n\n\n\n<figure class=\"wp-block-image size-large\"><a href=\"https:\/\/agora.xtec.cat\/escolademaspujols\/wp-content\/uploads\/usu1408\/2026\/04\/IMG_20260420_102151-1-scaled.jpg\"><img loading=\"lazy\" decoding=\"async\" width=\"769\" height=\"1024\" data-id=\"2496\" src=\"https:\/\/agora.xtec.cat\/escolademaspujols\/wp-content\/uploads\/usu1408\/2026\/04\/IMG_20260420_102151-1-769x1024.jpg\" alt=\"\" class=\"wp-image-2496\" srcset=\"https:\/\/agora.xtec.cat\/escolademaspujols\/wp-content\/uploads\/usu1408\/2026\/04\/IMG_20260420_102151-1-769x1024.jpg 769w, https:\/\/agora.xtec.cat\/escolademaspujols\/wp-content\/uploads\/usu1408\/2026\/04\/IMG_20260420_102151-1-225x300.jpg 225w, https:\/\/agora.xtec.cat\/escolademaspujols\/wp-content\/uploads\/usu1408\/2026\/04\/IMG_20260420_102151-1-768x1023.jpg 768w, https:\/\/agora.xtec.cat\/escolademaspujols\/wp-content\/uploads\/usu1408\/2026\/04\/IMG_20260420_102151-1-1153x1536.jpg 1153w, https:\/\/agora.xtec.cat\/escolademaspujols\/wp-content\/uploads\/usu1408\/2026\/04\/IMG_20260420_102151-1-1538x2048.jpg 1538w, https:\/\/agora.xtec.cat\/escolademaspujols\/wp-content\/uploads\/usu1408\/2026\/04\/IMG_20260420_102151-1-scaled.jpg 1922w\" sizes=\"auto, (max-width: 769px) 100vw, 769px\" \/><\/a><\/figure>\n<\/figure>\n\n\n\n<figure class=\"wp-block-gallery has-nested-images columns-default is-cropped wp-block-gallery-2 is-layout-flex wp-block-gallery-is-layout-flex\">\n<figure class=\"wp-block-image size-large\"><a href=\"https:\/\/agora.xtec.cat\/escolademaspujols\/wp-content\/uploads\/usu1408\/2026\/04\/IMG_20260420_105511-1-scaled.jpg\"><img loading=\"lazy\" decoding=\"async\" width=\"769\" height=\"1024\" data-id=\"2499\" src=\"https:\/\/agora.xtec.cat\/escolademaspujols\/wp-content\/uploads\/usu1408\/2026\/04\/IMG_20260420_105511-1-769x1024.jpg\" alt=\"\" class=\"wp-image-2499\" srcset=\"https:\/\/agora.xtec.cat\/escolademaspujols\/wp-content\/uploads\/usu1408\/2026\/04\/IMG_20260420_105511-1-769x1024.jpg 769w, https:\/\/agora.xtec.cat\/escolademaspujols\/wp-content\/uploads\/usu1408\/2026\/04\/IMG_20260420_105511-1-225x300.jpg 225w, https:\/\/agora.xtec.cat\/escolademaspujols\/wp-content\/uploads\/usu1408\/2026\/04\/IMG_20260420_105511-1-768x1023.jpg 768w, https:\/\/agora.xtec.cat\/escolademaspujols\/wp-content\/uploads\/usu1408\/2026\/04\/IMG_20260420_105511-1-1153x1536.jpg 1153w, https:\/\/agora.xtec.cat\/escolademaspujols\/wp-content\/uploads\/usu1408\/2026\/04\/IMG_20260420_105511-1-1538x2048.jpg 1538w, https:\/\/agora.xtec.cat\/escolademaspujols\/wp-content\/uploads\/usu1408\/2026\/04\/IMG_20260420_105511-1-scaled.jpg 1922w\" sizes=\"auto, (max-width: 769px) 100vw, 769px\" \/><\/a><\/figure>\n<\/figure>\n","protected":false},"excerpt":{"rendered":"<p>El dilluns al mat\u00ed, per donar el tret de sortida a la Setmana Cultural, els nens i nenes de Cicle Mitj\u00e0 vam rebre una visita molt especial: l\u2019escriptor Alberto Casamayor, autor de la coneguda col\u00b7lecci\u00f3 de llibres Els B\u00e0squet Prodigis. Activitat que forma part de Lletres a les aules, una iniciativa de la @lletrescatalanes i [&hellip;]<\/p>\n","protected":false},"author":19,"featured_media":2496,"comment_status":"open","ping_status":"open","sticky":false,"template":"","format":"standard","meta":{"_bbp_topic_count":0,"_bbp_reply_count":0,"_bbp_total_topic_count":0,"_bbp_total_reply_count":0,"_bbp_voice_count":0,"_bbp_anonymous_reply_count":0,"_bbp_topic_count_hidden":0,"_bbp_reply_count_hidden":0,"_bbp_forum_subforum_count":0,"site-sidebar-layout":"default","site-content-layout":"","ast-site-content-layout":"default","site-content-style":"default","site-sidebar-style":"default","ast-global-header-display":"","ast-banner-title-visibility":"","ast-main-header-display":"","ast-hfb-above-header-display":"","ast-hfb-below-header-display":"","ast-hfb-mobile-header-display":"","site-post-title":"","ast-breadcrumbs-content":"","ast-featured-img":"","footer-sml-layout":"","theme-transparent-header-meta":"","adv-header-id-meta":"","stick-header-meta":"","header-above-stick-meta":"","header-main-stick-meta":"","header-below-stick-meta":"","astra-migrate-meta-layouts":"set","ast-page-background-enabled":"default","ast-page-background-meta":{"desktop":{"background-color":"var(--ast-global-color-4)","background-image":"","background-repeat":"repeat","background-position":"center center","background-size":"auto","background-attachment":"scroll","background-type":"","background-media":"","overlay-type":"","overlay-color":"","overlay-opacity":"","overlay-gradient":""},"tablet":{"background-color":"","background-image":"","background-repeat":"repeat","background-position":"center center","background-size":"auto","background-attachment":"scroll","background-type":"","background-media":"","overlay-type":"","overlay-color":"","overlay-opacity":"","overlay-gradient":""},"mobile":{"background-color":"","background-image":"","background-repeat":"repeat","background-position":"center center","background-size":"auto","background-attachment":"scroll","background-type":"","background-media":"","overlay-type":"","overlay-color":"","overlay-opacity":"","overlay-gradient":""}},"ast-content-background-meta":{"desktop":{"background-color":"var(--ast-global-color-5)","background-image":"","background-repeat":"repeat","background-position":"center center","background-size":"auto","background-attachment":"scroll","background-type":"","background-media":"","overlay-type":"","overlay-color":"","overlay-opacity":"","overlay-gradient":""},"tablet":{"background-color":"var(--ast-global-color-5)","background-image":"","background-repeat":"repeat","background-position":"center center","background-size":"auto","background-attachment":"scroll","background-type":"","background-media":"","overlay-type":"","overlay-color":"","overlay-opacity":"","overlay-gradient":""},"mobile":{"background-color":"var(--ast-global-color-5)","background-image":"","background-repeat":"repeat","background-position":"center center","background-size":"auto","background-attachment":"scroll","background-type":"","background-media":"","overlay-type":"","overlay-color":"","overlay-opacity":"","overlay-gradient":""}},"footnotes":""},"categories":[12,13,187,1,4,5],"tags":[],"class_list":["post-2492","post","type-post","status-publish","format-standard","has-post-thumbnail","hentry","category-3r","category-4t","category-mitja","category-general","category-portada","category-primaria"],"post_mailing_queue_ids":[],"_links":{"self":[{"href":"https:\/\/agora.xtec.cat\/escolademaspujols\/wp-json\/wp\/v2\/posts\/2492","targetHints":{"allow":["GET"]}}],"collection":[{"href":"https:\/\/agora.xtec.cat\/escolademaspujols\/wp-json\/wp\/v2\/posts"}],"about":[{"href":"https:\/\/agora.xtec.cat\/escolademaspujols\/wp-json\/wp\/v2\/types\/post"}],"author":[{"embeddable":true,"href":"https:\/\/agora.xtec.cat\/escolademaspujols\/wp-json\/wp\/v2\/users\/19"}],"replies":[{"embeddable":true,"href":"https:\/\/agora.xtec.cat\/escolademaspujols\/wp-json\/wp\/v2\/comments?post=2492"}],"version-history":[{"count":5,"href":"https:\/\/agora.xtec.cat\/escolademaspujols\/wp-json\/wp\/v2\/posts\/2492\/revisions"}],"predecessor-version":[{"id":2519,"href":"https:\/\/agora.xtec.cat\/escolademaspujols\/wp-json\/wp\/v2\/posts\/2492\/revisions\/2519"}],"wp:featuredmedia":[{"embeddable":true,"href":"https:\/\/agora.xtec.cat\/escolademaspujols\/wp-json\/wp\/v2\/media\/2496"}],"wp:attachment":[{"href":"https:\/\/agora.xtec.cat\/escolademaspujols\/wp-json\/wp\/v2\/media?parent=2492"}],"wp:term":[{"taxonomy":"category","embeddable":true,"href":"https:\/\/agora.xtec.cat\/escolademaspujols\/wp-json\/wp\/v2\/categories?post=2492"},{"taxonomy":"post_tag","embeddable":true,"href":"https:\/\/agora.xtec.cat\/escolademaspujols\/wp-json\/wp\/v2\/tags?post=2492"}],"curies":[{"name":"wp","href":"https:\/\/api.w.org\/{rel}","templated":true}]}}