{"id":9864,"date":"2020-06-03T18:24:08","date_gmt":"2020-06-03T16:24:08","guid":{"rendered":"http:\/\/agora.xtec.cat\/escoladelparc\/?p=9864"},"modified":"2020-06-30T19:42:12","modified_gmt":"2020-06-30T17:42:12","slug":"ajuts-menjador-escolar-convocatoria-2020-2021","status":"publish","type":"post","link":"https:\/\/agora.xtec.cat\/escoladelparc\/general\/ajuts-menjador-escolar-convocatoria-2020-2021\/","title":{"rendered":"Ajuts menjador escolar &#8211; Convocat\u00f2ria 2020-2021"},"content":{"rendered":"<p>Benvolgudes fam\u00edlies,<\/p>\n<p>El dijous dia <strong>4 de juny i fins el 17 de juny<\/strong> s&#8217;obre el termini per a la tramitaci\u00f3 telem\u00e0tica dels ajuts de menjador escolar 2020-2021.<\/p>\n<h4>Com fer la presentaci\u00f3 de la sol\u00b7licitud telem\u00e0tica?<\/h4>\n<p>A causa de la COVID-19 i de les mesures de confinament es realitzar\u00e0 de manera telem\u00e0tica, mitjan\u00e7ant la p\u00e0gina web del Consell Comarcal: <a href=\"https:\/\/www.elbaixllobregat.cat\/educacio\/ajuts_menjador_escolar\">www.elbaixllobregat.cat<\/a><\/p>\n<p>Podeu tramitar-la des d\u2019un m\u00f2bil, un ordinador o una tauleta. Disposeu d\u2019una guia detallada en la p\u00e0gina web del Consell Comarcal, <a href=\"https:\/\/www.elbaixllobregat.cat\/educacio\/ajuts_menjador_escolar\">www.elbaixllobregat.cat<\/a><\/p>\n<p>Un cop complimentada la sol\u00b7licitud i revisada amb el bot\u00f3 d\u2019enviar es finalitza el tr\u00e0mit, i rebr\u00e0 un missatge en el teu correu electr\u00f2nic amb una copia de la sol\u00b7licitud que has presentat. Haur\u00e0 de guardar aquesta copia on consta el seu n\u00famero d\u2019expedient.<\/p>\n<p>Adjuntem les <a href=\"https:\/\/www.elbaixllobregat.cat\/sites\/default\/files\/arxius\/1BASES%20beques%20menjador%202020-2021%20telematica.pdf\">bases de la convocat\u00f2ria<\/a><\/p>\n<p>El <a href=\"https:\/\/www.elbaixllobregat.cat\/sites\/default\/files\/arxius\/FAQS%202020-2021.pdf\">full informatiu<\/a> que dona resposta a moltes de les preguntes freq\u00fcents.<\/p>\n<h5>Qui pot sol\u00b7licitar l\u2019ajut?<\/h5>\n<p>Podran sol\u00b7licitar l\u2019ajut els pares, mares, tutors legals o persona encarregada de la guarda i protecci\u00f3 de l\u2019alumnat d\u2019ensenyament obligatori i de segon cicle d\u2019educaci\u00f3 infantil de centres educatius sufragats amb fons p\u00fablics per al curs 2020-2021 de la comarca del Baix Llobregat.<\/p>\n<h5>Documentaci\u00f3 necess\u00e0ria per omplir la sol\u00b7licitud.<\/h5>\n<ol>\n<li>Per comen\u00e7ar i registrar-te:<br \/>\n&#8211; El teu DNI \/NIE f\u00edsic ( necessites el numero NIF i una altra dada)<br \/>\n&#8211; Un correu electr\u00f2nic (si no en tens pot posar el d\u2019un familiar proper)<\/li>\n<li>Per continuar complimentant la sol\u00b7licitud:<br \/>\n&#8211; El numero IDALU (si no el tens el pots demanar al teu centre escolar)<br \/>\n&#8211; El numero DNI\/NIE\/de tots els membres de la unitat familiar que convisquin al teu domicili (pares\/mares, fills i filles i avis\/\u00e0vies).<br \/>\n&#8211; Si has rebut una subvenci\u00f3 de lloguer, l\u2019import mensual.<br \/>\n&#8211; Si tens una pensi\u00f3 d\u2019aliments, import mensual.<\/li>\n<\/ol>\n<h5>On puc demanar el n\u00famero IDALU?<\/h5>\n<p>&#8211; Al centre escolar on esta matriculat i\/o ha presentat la sol\u00b7licitat la preinscripci\u00f3.<br \/>\n&#8211; Des de la p\u00e1gina web del Departament d\u2019Educaci\u00f3 de la Generalitat de Catalunya, aqu\u00ed teniu <a href=\"http:\/\/ensenyament.gencat.cat\/ca\/tramits\/tramits-temes\/identificador-alumne\">l&#8217;enlla\u00e7<\/a><br \/>\nwww http:\/\/ensenyament.gencat.cat\/es\/tramits\/tramits-temes\/identificador-alumne<\/p>\n","protected":false},"excerpt":{"rendered":"<p>Benvolgudes fam\u00edlies, El dijous dia 4 de juny i fins el 17 de juny s&#8217;obre el termini per a la tramitaci\u00f3 telem\u00e0tica dels ajuts de menjador escolar 2020-2021. Com fer la presentaci\u00f3 de la sol\u00b7licitud telem\u00e0tica? A causa de la COVID-19 i de les mesures de confinament es realitzar\u00e0 de manera telem\u00e0tica, mitjan\u00e7ant la p\u00e0gina [&hellip;]<\/p>\n","protected":false},"author":1,"featured_media":9865,"comment_status":"open","ping_status":"closed","sticky":false,"template":"","format":"standard","meta":{"_bbp_topic_count":0,"_bbp_reply_count":0,"_bbp_total_topic_count":0,"_bbp_total_reply_count":0,"_bbp_voice_count":0,"_bbp_anonymous_reply_count":0,"_bbp_topic_count_hidden":0,"_bbp_reply_count_hidden":0,"_bbp_forum_subforum_count":0,"site-sidebar-layout":"default","site-content-layout":"","ast-site-content-layout":"","site-content-style":"default","site-sidebar-style":"default","ast-global-header-display":"","ast-banner-title-visibility":"","ast-main-header-display":"","ast-hfb-above-header-display":"","ast-hfb-below-header-display":"","ast-hfb-mobile-header-display":"","site-post-title":"","ast-breadcrumbs-content":"","ast-featured-img":"","footer-sml-layout":"","theme-transparent-header-meta":"","adv-header-id-meta":"","stick-header-meta":"","header-above-stick-meta":"","header-main-stick-meta":"","header-below-stick-meta":"","astra-migrate-meta-layouts":"default","ast-page-background-enabled":"default","ast-page-background-meta":{"desktop":{"background-color":"var(--ast-global-color-4)","background-image":"","background-repeat":"repeat","background-position":"center center","background-size":"auto","background-attachment":"scroll","background-type":"","background-media":"","overlay-type":"","overlay-color":"","overlay-opacity":"","overlay-gradient":""},"tablet":{"background-color":"","background-image":"","background-repeat":"repeat","background-position":"center center","background-size":"auto","background-attachment":"scroll","background-type":"","background-media":"","overlay-type":"","overlay-color":"","overlay-opacity":"","overlay-gradient":""},"mobile":{"background-color":"","background-image":"","background-repeat":"repeat","background-position":"center center","background-size":"auto","background-attachment":"scroll","background-type":"","background-media":"","overlay-type":"","overlay-color":"","overlay-opacity":"","overlay-gradient":""}},"ast-content-background-meta":{"desktop":{"background-color":"var(--ast-global-color-5)","background-image":"","background-repeat":"repeat","background-position":"center center","background-size":"auto","background-attachment":"scroll","background-type":"","background-media":"","overlay-type":"","overlay-color":"","overlay-opacity":"","overlay-gradient":""},"tablet":{"background-color":"var(--ast-global-color-5)","background-image":"","background-repeat":"repeat","background-position":"center center","background-size":"auto","background-attachment":"scroll","background-type":"","background-media":"","overlay-type":"","overlay-color":"","overlay-opacity":"","overlay-gradient":""},"mobile":{"background-color":"var(--ast-global-color-5)","background-image":"","background-repeat":"repeat","background-position":"center center","background-size":"auto","background-attachment":"scroll","background-type":"","background-media":"","overlay-type":"","overlay-color":"","overlay-opacity":"","overlay-gradient":""}},"footnotes":""},"categories":[52,1,4],"tags":[],"class_list":["post-9864","post","type-post","status-publish","format-standard","has-post-thumbnail","hentry","category-comunitat-afa","category-general","category-portada"],"post_mailing_queue_ids":[],"_links":{"self":[{"href":"https:\/\/agora.xtec.cat\/escoladelparc\/wp-json\/wp\/v2\/posts\/9864","targetHints":{"allow":["GET"]}}],"collection":[{"href":"https:\/\/agora.xtec.cat\/escoladelparc\/wp-json\/wp\/v2\/posts"}],"about":[{"href":"https:\/\/agora.xtec.cat\/escoladelparc\/wp-json\/wp\/v2\/types\/post"}],"author":[{"embeddable":true,"href":"https:\/\/agora.xtec.cat\/escoladelparc\/wp-json\/wp\/v2\/users\/1"}],"replies":[{"embeddable":true,"href":"https:\/\/agora.xtec.cat\/escoladelparc\/wp-json\/wp\/v2\/comments?post=9864"}],"version-history":[{"count":1,"href":"https:\/\/agora.xtec.cat\/escoladelparc\/wp-json\/wp\/v2\/posts\/9864\/revisions"}],"predecessor-version":[{"id":9866,"href":"https:\/\/agora.xtec.cat\/escoladelparc\/wp-json\/wp\/v2\/posts\/9864\/revisions\/9866"}],"wp:featuredmedia":[{"embeddable":true,"href":"https:\/\/agora.xtec.cat\/escoladelparc\/wp-json\/wp\/v2\/media\/9865"}],"wp:attachment":[{"href":"https:\/\/agora.xtec.cat\/escoladelparc\/wp-json\/wp\/v2\/media?parent=9864"}],"wp:term":[{"taxonomy":"category","embeddable":true,"href":"https:\/\/agora.xtec.cat\/escoladelparc\/wp-json\/wp\/v2\/categories?post=9864"},{"taxonomy":"post_tag","embeddable":true,"href":"https:\/\/agora.xtec.cat\/escoladelparc\/wp-json\/wp\/v2\/tags?post=9864"}],"curies":[{"name":"wp","href":"https:\/\/api.w.org\/{rel}","templated":true}]}}