{"id":9739,"date":"2020-05-08T21:55:31","date_gmt":"2020-05-08T19:55:31","guid":{"rendered":"http:\/\/agora.xtec.cat\/escoladelparc\/?p=9739"},"modified":"2020-05-29T18:32:38","modified_gmt":"2020-05-29T16:32:38","slug":"preinscripcio-curs-escolar-2020-2021-ed-infantil-primaria-i-eso","status":"publish","type":"post","link":"https:\/\/agora.xtec.cat\/escoladelparc\/general\/preinscripcio-curs-escolar-2020-2021-ed-infantil-primaria-i-eso\/","title":{"rendered":"Preinscripci\u00f3 curs escolar 2020\/2021. ED. Infantil, Prim\u00e0ria i ESO"},"content":{"rendered":"<p>A partir del proper dimecres, 13 de maig i, fins el 22 del mateix mes, es dur\u00e0 a terme la preinscripci\u00f3 escolar per als ensenyaments de segon cicle d\u2019educaci\u00f3 infantil, educaci\u00f3 prim\u00e0ria i educaci\u00f3 secund\u00e0ria obligat\u00f2ria.<\/p>\n<p>A causa de les circumst\u00e0ncies extraordin\u00e0ries que estem vivint per la covid-19, <strong>la preinscripci\u00f3<\/strong> dels ensenyaments abans esmentats <strong>es realitzar\u00e0 de manera telem\u00e0tica del 13 al 22 de maig.<\/strong> S\u2019obrir\u00e0, amb car\u00e0cter molt excepcional una fase presencial de presentaci\u00f3 de sol\u00b7licituds del 19 al 22 de maig, als centres escollits en primera opci\u00f3.<\/p>\n<p>En tot el proc\u00e9s de realitzaci\u00f3 telem\u00e0tica de la preinscripci\u00f3 us trobareu acompanyats\/des per les escoles i instituts aix\u00ed que us farem arribar tot el suport per tal d\u2019afavorir la preinscripci\u00f3 telem\u00e0tica, tal i com promou el Departament d\u2019Educaci\u00f3 de la Generalitat.<\/p>\n<p>El proper dilluns, 11 de maig, es publicar\u00e0 la resoluci\u00f3 que regular\u00e0 tot el proc\u00e9s. A partir d\u2019aquesta data, doncs, disposarem de tota la informaci\u00f3, documentaci\u00f3 i canals de comunicaci\u00f3 que posarem al vostre abast per tal d\u2019afavorir la preinscripci\u00f3 telem\u00e0ticament.<\/p>\n<p>Estem a la vostra disposici\u00f3 i compteu amb el nostre recolzament per a resoldre tots els dubtes que se us puguin generar per du a terme la preinscripci\u00f3 telem\u00e0tica. Engegarem aquest nou repte plegats\/des.<\/p>\n<p>Ben cordialment,<\/p>\n<p>Les escoles i instituts del Prat de Llobregat<\/p>\n","protected":false},"excerpt":{"rendered":"<p>A partir del proper dimecres, 13 de maig i, fins el 22 del mateix mes, es dur\u00e0 a terme la preinscripci\u00f3 escolar per als ensenyaments de segon cicle d\u2019educaci\u00f3 infantil, educaci\u00f3 prim\u00e0ria i educaci\u00f3 secund\u00e0ria obligat\u00f2ria. A causa de les circumst\u00e0ncies extraordin\u00e0ries que estem vivint per la covid-19, la preinscripci\u00f3 dels ensenyaments abans esmentats es [&hellip;]<\/p>\n","protected":false},"author":1,"featured_media":9749,"comment_status":"open","ping_status":"closed","sticky":false,"template":"","format":"standard","meta":{"_bbp_topic_count":0,"_bbp_reply_count":0,"_bbp_total_topic_count":0,"_bbp_total_reply_count":0,"_bbp_voice_count":0,"_bbp_anonymous_reply_count":0,"_bbp_topic_count_hidden":0,"_bbp_reply_count_hidden":0,"_bbp_forum_subforum_count":0,"site-sidebar-layout":"default","site-content-layout":"","ast-site-content-layout":"","site-content-style":"default","site-sidebar-style":"default","ast-global-header-display":"","ast-banner-title-visibility":"","ast-main-header-display":"","ast-hfb-above-header-display":"","ast-hfb-below-header-display":"","ast-hfb-mobile-header-display":"","site-post-title":"","ast-breadcrumbs-content":"","ast-featured-img":"","footer-sml-layout":"","theme-transparent-header-meta":"","adv-header-id-meta":"","stick-header-meta":"","header-above-stick-meta":"","header-main-stick-meta":"","header-below-stick-meta":"","astra-migrate-meta-layouts":"default","ast-page-background-enabled":"default","ast-page-background-meta":{"desktop":{"background-color":"var(--ast-global-color-4)","background-image":"","background-repeat":"repeat","background-position":"center center","background-size":"auto","background-attachment":"scroll","background-type":"","background-media":"","overlay-type":"","overlay-color":"","overlay-opacity":"","overlay-gradient":""},"tablet":{"background-color":"","background-image":"","background-repeat":"repeat","background-position":"center center","background-size":"auto","background-attachment":"scroll","background-type":"","background-media":"","overlay-type":"","overlay-color":"","overlay-opacity":"","overlay-gradient":""},"mobile":{"background-color":"","background-image":"","background-repeat":"repeat","background-position":"center center","background-size":"auto","background-attachment":"scroll","background-type":"","background-media":"","overlay-type":"","overlay-color":"","overlay-opacity":"","overlay-gradient":""}},"ast-content-background-meta":{"desktop":{"background-color":"var(--ast-global-color-5)","background-image":"","background-repeat":"repeat","background-position":"center center","background-size":"auto","background-attachment":"scroll","background-type":"","background-media":"","overlay-type":"","overlay-color":"","overlay-opacity":"","overlay-gradient":""},"tablet":{"background-color":"var(--ast-global-color-5)","background-image":"","background-repeat":"repeat","background-position":"center center","background-size":"auto","background-attachment":"scroll","background-type":"","background-media":"","overlay-type":"","overlay-color":"","overlay-opacity":"","overlay-gradient":""},"mobile":{"background-color":"var(--ast-global-color-5)","background-image":"","background-repeat":"repeat","background-position":"center center","background-size":"auto","background-attachment":"scroll","background-type":"","background-media":"","overlay-type":"","overlay-color":"","overlay-opacity":"","overlay-gradient":""}},"footnotes":""},"categories":[1,4],"tags":[],"class_list":["post-9739","post","type-post","status-publish","format-standard","has-post-thumbnail","hentry","category-general","category-portada"],"post_mailing_queue_ids":[],"_links":{"self":[{"href":"https:\/\/agora.xtec.cat\/escoladelparc\/wp-json\/wp\/v2\/posts\/9739","targetHints":{"allow":["GET"]}}],"collection":[{"href":"https:\/\/agora.xtec.cat\/escoladelparc\/wp-json\/wp\/v2\/posts"}],"about":[{"href":"https:\/\/agora.xtec.cat\/escoladelparc\/wp-json\/wp\/v2\/types\/post"}],"author":[{"embeddable":true,"href":"https:\/\/agora.xtec.cat\/escoladelparc\/wp-json\/wp\/v2\/users\/1"}],"replies":[{"embeddable":true,"href":"https:\/\/agora.xtec.cat\/escoladelparc\/wp-json\/wp\/v2\/comments?post=9739"}],"version-history":[{"count":1,"href":"https:\/\/agora.xtec.cat\/escoladelparc\/wp-json\/wp\/v2\/posts\/9739\/revisions"}],"predecessor-version":[{"id":9740,"href":"https:\/\/agora.xtec.cat\/escoladelparc\/wp-json\/wp\/v2\/posts\/9739\/revisions\/9740"}],"wp:featuredmedia":[{"embeddable":true,"href":"https:\/\/agora.xtec.cat\/escoladelparc\/wp-json\/wp\/v2\/media\/9749"}],"wp:attachment":[{"href":"https:\/\/agora.xtec.cat\/escoladelparc\/wp-json\/wp\/v2\/media?parent=9739"}],"wp:term":[{"taxonomy":"category","embeddable":true,"href":"https:\/\/agora.xtec.cat\/escoladelparc\/wp-json\/wp\/v2\/categories?post=9739"},{"taxonomy":"post_tag","embeddable":true,"href":"https:\/\/agora.xtec.cat\/escoladelparc\/wp-json\/wp\/v2\/tags?post=9739"}],"curies":[{"name":"wp","href":"https:\/\/api.w.org\/{rel}","templated":true}]}}