{"id":8738,"date":"2020-01-16T11:02:12","date_gmt":"2020-01-16T10:02:12","guid":{"rendered":"http:\/\/agora.xtec.cat\/escoladelparc\/?p=8738"},"modified":"2020-01-16T11:02:12","modified_gmt":"2020-01-16T10:02:12","slug":"marenostrum-i4-salvem-els-nostres-mars","status":"publish","type":"post","link":"https:\/\/agora.xtec.cat\/escoladelparc\/general\/marenostrum-i4-salvem-els-nostres-mars\/","title":{"rendered":"Marenostrum I4: Salvem els nostres mars!"},"content":{"rendered":"<p>Avui els nens i nenes d&#8217; I4 hem tingut la visita d&#8217;una experta de la Fundaci\u00f3 CRAM, una entitat privada sense \u00e0nim de lucre dedicada a la protecci\u00f3 del medi mar\u00ed i de les esp\u00e8cies que l&#8217;habiten.<\/p>\n<p>Ens han explicat l\u2019import\u00e0ncia del reciclatge i de mantenir net el mar ja que cada cop hi ha m\u00e9s brut\u00edcia\u00a0 i els animals marins en pateixen les conseq\u00fcencies. A m\u00e9s a m\u00e9s ens han explicat com \u00e9s recicla i a quin contenidor va el cartr\u00f3 i el pl\u00e0stic.<\/p>\n<p>Ens ha agradat molt aquesta activitat. Us convidem a visitar el CRAM amb els vostres fills. Teniu m\u00e9s informaci\u00f3 a https:\/\/cram.org\/ca\/<\/p>\n<p><a href=\"https:\/\/photos.app.goo.gl\/Fsk95CsYq1wKpDSu8\"><img loading=\"lazy\" decoding=\"async\" class=\"alignnone size-large wp-image-8739\" src=\"https:\/\/agora.xtec.cat\/escoladelparc\/wp-content\/uploads\/usu440\/2020\/01\/PHOTO-2020-01-16-10-51-04_1-1024x768.jpg\" alt=\"\" width=\"1024\" height=\"768\" srcset=\"https:\/\/agora.xtec.cat\/escoladelparc\/wp-content\/uploads\/usu440\/2020\/01\/PHOTO-2020-01-16-10-51-04_1-1024x768.jpg 1024w, https:\/\/agora.xtec.cat\/escoladelparc\/wp-content\/uploads\/usu440\/2020\/01\/PHOTO-2020-01-16-10-51-04_1-300x225.jpg 300w, https:\/\/agora.xtec.cat\/escoladelparc\/wp-content\/uploads\/usu440\/2020\/01\/PHOTO-2020-01-16-10-51-04_1-768x576.jpg 768w, https:\/\/agora.xtec.cat\/escoladelparc\/wp-content\/uploads\/usu440\/2020\/01\/PHOTO-2020-01-16-10-51-04_1-200x150.jpg 200w, https:\/\/agora.xtec.cat\/escoladelparc\/wp-content\/uploads\/usu440\/2020\/01\/PHOTO-2020-01-16-10-51-04_1.jpg 1600w\" sizes=\"auto, (max-width: 1024px) 100vw, 1024px\" \/><\/a><\/p>\n<p>&nbsp;<\/p>\n","protected":false},"excerpt":{"rendered":"<p>Avui els nens i nenes d&#8217; I4 hem tingut la visita d&#8217;una experta de la Fundaci\u00f3 CRAM, una entitat privada sense \u00e0nim de lucre dedicada a la protecci\u00f3 del medi mar\u00ed i de les esp\u00e8cies que l&#8217;habiten. Ens han explicat l\u2019import\u00e0ncia del reciclatge i de mantenir net el mar ja que cada cop hi ha [&hellip;]<\/p>\n","protected":false},"author":10,"featured_media":0,"comment_status":"open","ping_status":"closed","sticky":false,"template":"","format":"standard","meta":{"_bbp_topic_count":0,"_bbp_reply_count":0,"_bbp_total_topic_count":0,"_bbp_total_reply_count":0,"_bbp_voice_count":0,"_bbp_anonymous_reply_count":0,"_bbp_topic_count_hidden":0,"_bbp_reply_count_hidden":0,"_bbp_forum_subforum_count":0,"site-sidebar-layout":"default","site-content-layout":"","ast-site-content-layout":"","site-content-style":"default","site-sidebar-style":"default","ast-global-header-display":"","ast-banner-title-visibility":"","ast-main-header-display":"","ast-hfb-above-header-display":"","ast-hfb-below-header-display":"","ast-hfb-mobile-header-display":"","site-post-title":"","ast-breadcrumbs-content":"","ast-featured-img":"","footer-sml-layout":"","theme-transparent-header-meta":"","adv-header-id-meta":"","stick-header-meta":"","header-above-stick-meta":"","header-main-stick-meta":"","header-below-stick-meta":"","astra-migrate-meta-layouts":"default","ast-page-background-enabled":"default","ast-page-background-meta":{"desktop":{"background-color":"var(--ast-global-color-4)","background-image":"","background-repeat":"repeat","background-position":"center center","background-size":"auto","background-attachment":"scroll","background-type":"","background-media":"","overlay-type":"","overlay-color":"","overlay-opacity":"","overlay-gradient":""},"tablet":{"background-color":"","background-image":"","background-repeat":"repeat","background-position":"center center","background-size":"auto","background-attachment":"scroll","background-type":"","background-media":"","overlay-type":"","overlay-color":"","overlay-opacity":"","overlay-gradient":""},"mobile":{"background-color":"","background-image":"","background-repeat":"repeat","background-position":"center center","background-size":"auto","background-attachment":"scroll","background-type":"","background-media":"","overlay-type":"","overlay-color":"","overlay-opacity":"","overlay-gradient":""}},"ast-content-background-meta":{"desktop":{"background-color":"var(--ast-global-color-5)","background-image":"","background-repeat":"repeat","background-position":"center center","background-size":"auto","background-attachment":"scroll","background-type":"","background-media":"","overlay-type":"","overlay-color":"","overlay-opacity":"","overlay-gradient":""},"tablet":{"background-color":"var(--ast-global-color-5)","background-image":"","background-repeat":"repeat","background-position":"center center","background-size":"auto","background-attachment":"scroll","background-type":"","background-media":"","overlay-type":"","overlay-color":"","overlay-opacity":"","overlay-gradient":""},"mobile":{"background-color":"var(--ast-global-color-5)","background-image":"","background-repeat":"repeat","background-position":"center center","background-size":"auto","background-attachment":"scroll","background-type":"","background-media":"","overlay-type":"","overlay-color":"","overlay-opacity":"","overlay-gradient":""}},"footnotes":""},"categories":[48,29,30,1,4],"tags":[],"class_list":["post-8738","post","type-post","status-publish","format-standard","hentry","category-ala","category-ei","category-blocs","category-general","category-portada"],"post_mailing_queue_ids":[],"_links":{"self":[{"href":"https:\/\/agora.xtec.cat\/escoladelparc\/wp-json\/wp\/v2\/posts\/8738","targetHints":{"allow":["GET"]}}],"collection":[{"href":"https:\/\/agora.xtec.cat\/escoladelparc\/wp-json\/wp\/v2\/posts"}],"about":[{"href":"https:\/\/agora.xtec.cat\/escoladelparc\/wp-json\/wp\/v2\/types\/post"}],"author":[{"embeddable":true,"href":"https:\/\/agora.xtec.cat\/escoladelparc\/wp-json\/wp\/v2\/users\/10"}],"replies":[{"embeddable":true,"href":"https:\/\/agora.xtec.cat\/escoladelparc\/wp-json\/wp\/v2\/comments?post=8738"}],"version-history":[{"count":1,"href":"https:\/\/agora.xtec.cat\/escoladelparc\/wp-json\/wp\/v2\/posts\/8738\/revisions"}],"predecessor-version":[{"id":8740,"href":"https:\/\/agora.xtec.cat\/escoladelparc\/wp-json\/wp\/v2\/posts\/8738\/revisions\/8740"}],"wp:attachment":[{"href":"https:\/\/agora.xtec.cat\/escoladelparc\/wp-json\/wp\/v2\/media?parent=8738"}],"wp:term":[{"taxonomy":"category","embeddable":true,"href":"https:\/\/agora.xtec.cat\/escoladelparc\/wp-json\/wp\/v2\/categories?post=8738"},{"taxonomy":"post_tag","embeddable":true,"href":"https:\/\/agora.xtec.cat\/escoladelparc\/wp-json\/wp\/v2\/tags?post=8738"}],"curies":[{"name":"wp","href":"https:\/\/api.w.org\/{rel}","templated":true}]}}