{"id":8624,"date":"2019-12-08T21:51:24","date_gmt":"2019-12-08T20:51:24","guid":{"rendered":"http:\/\/agora.xtec.cat\/escoladelparc\/?p=8624"},"modified":"2019-12-08T22:55:27","modified_gmt":"2019-12-08T21:55:27","slug":"13-de-desembre-de-2019-celebrem-la-4a-tarda-solidaria-marato-tv3","status":"publish","type":"post","link":"https:\/\/agora.xtec.cat\/escoladelparc\/general\/13-de-desembre-de-2019-celebrem-la-4a-tarda-solidaria-marato-tv3\/","title":{"rendered":"13 de desembre de 2019 celebrem la 4a Tarda Solid\u00e0ria &#8211; Marat\u00f3 Tv3"},"content":{"rendered":"<p><a href=\"https:\/\/agora.xtec.cat\/escoladelparc\/wp-content\/uploads\/usu440\/2019\/12\/Malalties-minorit\u00e0ries.png\"><img loading=\"lazy\" decoding=\"async\" class=\"aligncenter size-full wp-image-8625\" src=\"https:\/\/agora.xtec.cat\/escoladelparc\/wp-content\/uploads\/usu440\/2019\/12\/Malalties-minorit\u00e0ries.png\" alt=\"\" width=\"756\" height=\"427\" srcset=\"https:\/\/agora.xtec.cat\/escoladelparc\/wp-content\/uploads\/usu440\/2019\/12\/Malalties-minorit\u00e0ries.png 756w, https:\/\/agora.xtec.cat\/escoladelparc\/wp-content\/uploads\/usu440\/2019\/12\/Malalties-minorit\u00e0ries-300x169.png 300w\" sizes=\"auto, (max-width: 756px) 100vw, 756px\" \/><\/a><\/p>\n<p><a href=\"https:\/\/statics.ccma.cat\/multimedia\/mp3\/4\/5\/1574154695554.mp3\">https:\/\/statics.ccma.cat\/multimedia\/mp3\/4\/5\/1574154695554.mp3<\/a><\/p>\n<p><a href=\"http:\/\/statics.ccma.cat\/multimedia\/pdf\/2\/6\/1568792245962.pdf\">http:\/\/statics.ccma.cat\/multimedia\/pdf\/2\/6\/1568792245962.pdf<\/a><\/p>\n<p>La Comunitat educativa de l&#8217;Escola del Parc obre les seves portes per conviure plegats en la 4a tarda solid\u00e0ria.<\/p>\n<p>Trobarem activitats com: ioga, bollywood, zumba, pintacares, taller d&#8217;alimentaci\u00f3 saludable &#8230; curses, paradetes, xocolatada! Totes elles organitzades i amenitzades per mestres, alumnes, fam\u00edlies, monitoratge.<\/p>\n<p>Junts fem cr\u00e9ixer el marcador de la Marat\u00f3!<\/p>\n<p>A partir de dem\u00e0 dilluns 9 de desembre podeu comprar la vostra entrada (Donatiu de 3\u20ac). Podeu venir amb avis, amics, ve\u00efns, etc. Tamb\u00e9 podeu fer el vostre donatiu o compra d&#8217;entrada el mateix dia de l&#8217;esdeveniment. Comen\u00e7arem a les 17:30 amb la cursa!<\/p>\n","protected":false},"excerpt":{"rendered":"<p>https:\/\/statics.ccma.cat\/multimedia\/mp3\/4\/5\/1574154695554.mp3 http:\/\/statics.ccma.cat\/multimedia\/pdf\/2\/6\/1568792245962.pdf La Comunitat educativa de l&#8217;Escola del Parc obre les seves portes per conviure plegats en la 4a tarda solid\u00e0ria. Trobarem activitats com: ioga, bollywood, zumba, pintacares, taller d&#8217;alimentaci\u00f3 saludable &#8230; curses, paradetes, xocolatada! Totes elles organitzades i amenitzades per mestres, alumnes, fam\u00edlies, monitoratge. Junts fem cr\u00e9ixer el marcador de la Marat\u00f3! A partir [&hellip;]<\/p>\n","protected":false},"author":1,"featured_media":8625,"comment_status":"open","ping_status":"closed","sticky":false,"template":"","format":"standard","meta":{"_bbp_topic_count":0,"_bbp_reply_count":0,"_bbp_total_topic_count":0,"_bbp_total_reply_count":0,"_bbp_voice_count":0,"_bbp_anonymous_reply_count":0,"_bbp_topic_count_hidden":0,"_bbp_reply_count_hidden":0,"_bbp_forum_subforum_count":0,"site-sidebar-layout":"default","site-content-layout":"","ast-site-content-layout":"","site-content-style":"default","site-sidebar-style":"default","ast-global-header-display":"","ast-banner-title-visibility":"","ast-main-header-display":"","ast-hfb-above-header-display":"","ast-hfb-below-header-display":"","ast-hfb-mobile-header-display":"","site-post-title":"","ast-breadcrumbs-content":"","ast-featured-img":"","footer-sml-layout":"","theme-transparent-header-meta":"","adv-header-id-meta":"","stick-header-meta":"","header-above-stick-meta":"","header-main-stick-meta":"","header-below-stick-meta":"","astra-migrate-meta-layouts":"default","ast-page-background-enabled":"default","ast-page-background-meta":{"desktop":{"background-color":"var(--ast-global-color-4)","background-image":"","background-repeat":"repeat","background-position":"center center","background-size":"auto","background-attachment":"scroll","background-type":"","background-media":"","overlay-type":"","overlay-color":"","overlay-opacity":"","overlay-gradient":""},"tablet":{"background-color":"","background-image":"","background-repeat":"repeat","background-position":"center center","background-size":"auto","background-attachment":"scroll","background-type":"","background-media":"","overlay-type":"","overlay-color":"","overlay-opacity":"","overlay-gradient":""},"mobile":{"background-color":"","background-image":"","background-repeat":"repeat","background-position":"center center","background-size":"auto","background-attachment":"scroll","background-type":"","background-media":"","overlay-type":"","overlay-color":"","overlay-opacity":"","overlay-gradient":""}},"ast-content-background-meta":{"desktop":{"background-color":"var(--ast-global-color-5)","background-image":"","background-repeat":"repeat","background-position":"center center","background-size":"auto","background-attachment":"scroll","background-type":"","background-media":"","overlay-type":"","overlay-color":"","overlay-opacity":"","overlay-gradient":""},"tablet":{"background-color":"var(--ast-global-color-5)","background-image":"","background-repeat":"repeat","background-position":"center center","background-size":"auto","background-attachment":"scroll","background-type":"","background-media":"","overlay-type":"","overlay-color":"","overlay-opacity":"","overlay-gradient":""},"mobile":{"background-color":"var(--ast-global-color-5)","background-image":"","background-repeat":"repeat","background-position":"center center","background-size":"auto","background-attachment":"scroll","background-type":"","background-media":"","overlay-type":"","overlay-color":"","overlay-opacity":"","overlay-gradient":""}},"footnotes":""},"categories":[34,33,29,52,1,4],"tags":[],"class_list":["post-8624","post","type-post","status-publish","format-standard","has-post-thumbnail","hentry","category-cs","category-ci","category-ei","category-comunitat-afa","category-general","category-portada"],"post_mailing_queue_ids":[],"_links":{"self":[{"href":"https:\/\/agora.xtec.cat\/escoladelparc\/wp-json\/wp\/v2\/posts\/8624","targetHints":{"allow":["GET"]}}],"collection":[{"href":"https:\/\/agora.xtec.cat\/escoladelparc\/wp-json\/wp\/v2\/posts"}],"about":[{"href":"https:\/\/agora.xtec.cat\/escoladelparc\/wp-json\/wp\/v2\/types\/post"}],"author":[{"embeddable":true,"href":"https:\/\/agora.xtec.cat\/escoladelparc\/wp-json\/wp\/v2\/users\/1"}],"replies":[{"embeddable":true,"href":"https:\/\/agora.xtec.cat\/escoladelparc\/wp-json\/wp\/v2\/comments?post=8624"}],"version-history":[{"count":3,"href":"https:\/\/agora.xtec.cat\/escoladelparc\/wp-json\/wp\/v2\/posts\/8624\/revisions"}],"predecessor-version":[{"id":8628,"href":"https:\/\/agora.xtec.cat\/escoladelparc\/wp-json\/wp\/v2\/posts\/8624\/revisions\/8628"}],"wp:featuredmedia":[{"embeddable":true,"href":"https:\/\/agora.xtec.cat\/escoladelparc\/wp-json\/wp\/v2\/media\/8625"}],"wp:attachment":[{"href":"https:\/\/agora.xtec.cat\/escoladelparc\/wp-json\/wp\/v2\/media?parent=8624"}],"wp:term":[{"taxonomy":"category","embeddable":true,"href":"https:\/\/agora.xtec.cat\/escoladelparc\/wp-json\/wp\/v2\/categories?post=8624"},{"taxonomy":"post_tag","embeddable":true,"href":"https:\/\/agora.xtec.cat\/escoladelparc\/wp-json\/wp\/v2\/tags?post=8624"}],"curies":[{"name":"wp","href":"https:\/\/api.w.org\/{rel}","templated":true}]}}