{"id":6946,"date":"2019-02-07T23:15:58","date_gmt":"2019-02-07T22:15:58","guid":{"rendered":"http:\/\/agora.xtec.cat\/escoladelparc\/?p=6946"},"modified":"2019-09-20T22:13:09","modified_gmt":"2019-09-20T20:13:09","slug":"cm-visita-tarraco-una-antiga-ciutat-romana","status":"publish","type":"post","link":"https:\/\/agora.xtec.cat\/escoladelparc\/general\/cm-visita-tarraco-una-antiga-ciutat-romana\/","title":{"rendered":"CM visita Tarraco, una antiga ciutat romana!!"},"content":{"rendered":"<p>El divendres 1 de febrer del 2019, els alumnes de 3r i 4t vam fer una sortida a Tarraco [ Tarragona ]. Abans de comen\u00e7ar la visita vam esmorzar a un parc. Despr\u00e9s van venir uns monitors per guiar-nos i\u00a0\u00a0ens van separar per classes. Primer vam anar a l\u2019Amfiteatre i ens van explicar moltes coses interessants, per exemple, que la sang la netejaven amb la sorra, i van dir que si ens hav\u00edem d&#8217;aprendre alguna cosa seria la paraula &#8220;Romanitzacio\u00b4\u00b4. Despr\u00e9s vam anar a una cova on ens van posar un video de la ciutat d\u2019abans i com \u00e9s ara. M\u00e9s tard vam anar a un circ on feien, antigament, curses de cavalls. A continuaci\u00f3 va manar a dinar. Desp\u00e9s del descans vam fer un mosaic amb tessel\u00b7les petites.<\/p>\n<p>Ens ha agradat molt, ha sigut una excursi\u00f3 al.lucinant.<\/p>\n<p>Autores Elisa i Violeta 4tB.<\/p>\n<p><a href=\"https:\/\/photos.app.goo.gl\/xcaNpdXC3Ug2zPdp7\"><img loading=\"lazy\" decoding=\"async\" class=\"SzDcob \" src=\"https:\/\/lh3.googleusercontent.com\/wldZsIEVTiDH63k-Y1BM0HUtth03sQHxTDNMXnJij8PoK0veFKRtCoQxQLdDTaAyFGf4Uxeqn1HiitT0LGE04GHiA4HKGdFFG94wr5B6wEHBYr2llSBpRtt5wRsCNtrLGu64B0YnilvnWXIWJbfQhaQ9IV5AnZWOPNRIgqPPY9SrsTAIC9rgfWJC0mXaQfQ4WADOrn6IXBgz5DyTwYLvP3gBthv5ezU2J6jyDmV00u0S5aof1857p5Cca1sgIMPTIfg-uvvcVQLnmAdG2_Sbk7evY6fXxTT6JpfGBpTdALOrWZ0asnW63rCdvPKo_eME0b2xS3q58QLzDdj-A01dmUc51Z6RJC6hIagAJ-uJ8Y9JapgqyBsqjgB99XcRbz7_wqVEHaSuN95sD5e-m-HFpsCFt2btbHbM5oT63iEOrvYwmYhOA6962SAiZZpnAjxVLATmWYVCgIR-VL3Sv_ngtNR4z1uvh2UtggJSFIYSBbO2NuvX54pG6F0V9yaQ0XeAlsShk-dYK29KqxolnVIYbqco3gYKCODxeDUesqj4zvVN-Gx3xE2_Rbmb_Q3MIPK0UfOqlQmfO1ytNv2TtmL98jLX5fJOtbdqJlW0-kK8vB9a82gyOxL0OpGOA7zF_pt15PEcEl-m2kzeip703HwomtY0C80KrAw=w867-h650-no\" width=\"867\" height=\"650\" \/><\/a><\/p>\n<p>&nbsp;<\/p>\n","protected":false},"excerpt":{"rendered":"<p>El divendres 1 de febrer del 2019, els alumnes de 3r i 4t vam fer una sortida a Tarraco [ Tarragona ]. Abans de comen\u00e7ar la visita vam esmorzar a un parc. Despr\u00e9s van venir uns monitors per guiar-nos i\u00a0\u00a0ens van separar per classes. Primer vam anar a l\u2019Amfiteatre i ens van explicar moltes coses [&hellip;]<\/p>\n","protected":false},"author":34,"featured_media":0,"comment_status":"open","ping_status":"closed","sticky":false,"template":"","format":"standard","meta":{"_bbp_topic_count":0,"_bbp_reply_count":0,"_bbp_total_topic_count":0,"_bbp_total_reply_count":0,"_bbp_voice_count":0,"_bbp_anonymous_reply_count":0,"_bbp_topic_count_hidden":0,"_bbp_reply_count_hidden":0,"_bbp_forum_subforum_count":0,"site-sidebar-layout":"default","site-content-layout":"","ast-site-content-layout":"","site-content-style":"default","site-sidebar-style":"default","ast-global-header-display":"","ast-banner-title-visibility":"","ast-main-header-display":"","ast-hfb-above-header-display":"","ast-hfb-below-header-display":"","ast-hfb-mobile-header-display":"","site-post-title":"","ast-breadcrumbs-content":"","ast-featured-img":"","footer-sml-layout":"","theme-transparent-header-meta":"","adv-header-id-meta":"","stick-header-meta":"","header-above-stick-meta":"","header-main-stick-meta":"","header-below-stick-meta":"","astra-migrate-meta-layouts":"default","ast-page-background-enabled":"default","ast-page-background-meta":{"desktop":{"background-color":"var(--ast-global-color-4)","background-image":"","background-repeat":"repeat","background-position":"center center","background-size":"auto","background-attachment":"scroll","background-type":"","background-media":"","overlay-type":"","overlay-color":"","overlay-opacity":"","overlay-gradient":""},"tablet":{"background-color":"","background-image":"","background-repeat":"repeat","background-position":"center center","background-size":"auto","background-attachment":"scroll","background-type":"","background-media":"","overlay-type":"","overlay-color":"","overlay-opacity":"","overlay-gradient":""},"mobile":{"background-color":"","background-image":"","background-repeat":"repeat","background-position":"center center","background-size":"auto","background-attachment":"scroll","background-type":"","background-media":"","overlay-type":"","overlay-color":"","overlay-opacity":"","overlay-gradient":""}},"ast-content-background-meta":{"desktop":{"background-color":"var(--ast-global-color-5)","background-image":"","background-repeat":"repeat","background-position":"center center","background-size":"auto","background-attachment":"scroll","background-type":"","background-media":"","overlay-type":"","overlay-color":"","overlay-opacity":"","overlay-gradient":""},"tablet":{"background-color":"var(--ast-global-color-5)","background-image":"","background-repeat":"repeat","background-position":"center center","background-size":"auto","background-attachment":"scroll","background-type":"","background-media":"","overlay-type":"","overlay-color":"","overlay-opacity":"","overlay-gradient":""},"mobile":{"background-color":"var(--ast-global-color-5)","background-image":"","background-repeat":"repeat","background-position":"center center","background-size":"auto","background-attachment":"scroll","background-type":"","background-media":"","overlay-type":"","overlay-color":"","overlay-opacity":"","overlay-gradient":""}},"footnotes":""},"categories":[48,33,30,1,4,37],"tags":[],"class_list":["post-6946","post","type-post","status-publish","format-standard","hentry","category-ala","category-ci","category-blocs","category-general","category-portada","category-pj"],"post_mailing_queue_ids":[],"_links":{"self":[{"href":"https:\/\/agora.xtec.cat\/escoladelparc\/wp-json\/wp\/v2\/posts\/6946","targetHints":{"allow":["GET"]}}],"collection":[{"href":"https:\/\/agora.xtec.cat\/escoladelparc\/wp-json\/wp\/v2\/posts"}],"about":[{"href":"https:\/\/agora.xtec.cat\/escoladelparc\/wp-json\/wp\/v2\/types\/post"}],"author":[{"embeddable":true,"href":"https:\/\/agora.xtec.cat\/escoladelparc\/wp-json\/wp\/v2\/users\/34"}],"replies":[{"embeddable":true,"href":"https:\/\/agora.xtec.cat\/escoladelparc\/wp-json\/wp\/v2\/comments?post=6946"}],"version-history":[{"count":1,"href":"https:\/\/agora.xtec.cat\/escoladelparc\/wp-json\/wp\/v2\/posts\/6946\/revisions"}],"predecessor-version":[{"id":6947,"href":"https:\/\/agora.xtec.cat\/escoladelparc\/wp-json\/wp\/v2\/posts\/6946\/revisions\/6947"}],"wp:attachment":[{"href":"https:\/\/agora.xtec.cat\/escoladelparc\/wp-json\/wp\/v2\/media?parent=6946"}],"wp:term":[{"taxonomy":"category","embeddable":true,"href":"https:\/\/agora.xtec.cat\/escoladelparc\/wp-json\/wp\/v2\/categories?post=6946"},{"taxonomy":"post_tag","embeddable":true,"href":"https:\/\/agora.xtec.cat\/escoladelparc\/wp-json\/wp\/v2\/tags?post=6946"}],"curies":[{"name":"wp","href":"https:\/\/api.w.org\/{rel}","templated":true}]}}