{"id":6145,"date":"2018-09-25T22:05:17","date_gmt":"2018-09-25T20:05:17","guid":{"rendered":"http:\/\/agora.xtec.cat\/escoladelparc\/?p=6145"},"modified":"2018-09-25T22:05:17","modified_gmt":"2018-09-25T20:05:17","slug":"iniciem-laventura-del-nou-curs-a-cs","status":"publish","type":"post","link":"https:\/\/agora.xtec.cat\/escoladelparc\/general\/iniciem-laventura-del-nou-curs-a-cs\/","title":{"rendered":"Iniciem l&#8217;aventura del nou curs a CS!!!"},"content":{"rendered":"<p>Aquests primers\u00a0 dies d\u2019escola, els alumnes de 5\u00e9 i 6\u00e8 hem treballat la uni\u00f3 entre la classe.<\/p>\n<p>Tamb\u00e9 hem escollit un projecte per treballar, i a base d\u2019aquest projecte escollirem el nom de la classe.<\/p>\n<p>Molts cops fem relaxaci\u00f3 despr\u00e9s del pati, el primer dia a moltes persones els hi va costar molt i no els hi va sortir per\u00f2 poc a poc anem millorant.<\/p>\n<p>Una tarda vam fer una gincana on vam treballar tot el cicle diferents jocs i din\u00e0miques de grup.<\/p>\n<p>Hem treballat l\u2019 ajuda entre els companys\/es amb l\u2019ajuda dels castellers. Han estat uns dies molt divertits!<\/p>\n<p>Maria P. 5\u00e8C<\/p>\n<p><a href=\"https:\/\/photos.app.goo.gl\/VdeBhqMMwyL16P299\"><img loading=\"lazy\" decoding=\"async\" class=\"\" src=\"https:\/\/lh3.googleusercontent.com\/UjpnutEJPHw_CdHKQgDpru9S0ogrcunYo-IcdSCEk4U-3Kl18cDWS8LbbtTwLd1wYg1pJynnk3QfzSmaYUsOwKbZDRYVBi0tuLSAeyS8OBXALSfepxuWgAdEIKuV6ecKcvEN3aupfD4Mphxw0cL0888XoRnE1zU6FhPxN6F6GPTmSNjsz_oE0fhadFxiXvC1ds3127qatutwxdQ_uJfyPlVdG3DPwK6vyMfnr1ABFZmHP4uj6JLXGtQFMaa0_6ShAD6d3z32XMhwr8THIh-6rHMgnHbzW_LI9yYsO9o9VSgXY9wNUQrumi8tobK0hN76yweqVRctwoqeTvRwY67QUFbvCp0HzUm2OOJJ_3bU08UYVJTC5hX1uf6XXmrGtkRTo_y1oeg3Me7bclV8gmziE9kwvjvxxKr4q427arC-Qo8oEF6hjvA7S44D1vw3V1nGNgdUpmFMPrsZPSg3aaOqCDD3CI9gQyCoAKVZkTO2lMuxqafzLMAU4pdnTW0umit9MtsyOoySDZ4ZJHLrRTcyzuh-5PmMiEAO4OMSy2mh9lH_91WV1m7XIMz8VX_lezdgxsdEU__BONLm-Tz83-5Js76ST9s83hxLWFm7lti6MAex_xOoyNXv0nsXaIcolfw=w1600-h1200-no\" width=\"256\" height=\"192\" \/><\/a><\/p>\n","protected":false},"excerpt":{"rendered":"<p>Aquests primers\u00a0 dies d\u2019escola, els alumnes de 5\u00e9 i 6\u00e8 hem treballat la uni\u00f3 entre la classe. Tamb\u00e9 hem escollit un projecte per treballar, i a base d\u2019aquest projecte escollirem el nom de la classe. Molts cops fem relaxaci\u00f3 despr\u00e9s del pati, el primer dia a moltes persones els hi va costar molt i no [&hellip;]<\/p>\n","protected":false},"author":34,"featured_media":0,"comment_status":"open","ping_status":"closed","sticky":false,"template":"","format":"standard","meta":{"_bbp_topic_count":0,"_bbp_reply_count":0,"_bbp_total_topic_count":0,"_bbp_total_reply_count":0,"_bbp_voice_count":0,"_bbp_anonymous_reply_count":0,"_bbp_topic_count_hidden":0,"_bbp_reply_count_hidden":0,"_bbp_forum_subforum_count":0,"site-sidebar-layout":"default","site-content-layout":"","ast-site-content-layout":"","site-content-style":"default","site-sidebar-style":"default","ast-global-header-display":"","ast-banner-title-visibility":"","ast-main-header-display":"","ast-hfb-above-header-display":"","ast-hfb-below-header-display":"","ast-hfb-mobile-header-display":"","site-post-title":"","ast-breadcrumbs-content":"","ast-featured-img":"","footer-sml-layout":"","theme-transparent-header-meta":"","adv-header-id-meta":"","stick-header-meta":"","header-above-stick-meta":"","header-main-stick-meta":"","header-below-stick-meta":"","astra-migrate-meta-layouts":"default","ast-page-background-enabled":"default","ast-page-background-meta":{"desktop":{"background-color":"var(--ast-global-color-4)","background-image":"","background-repeat":"repeat","background-position":"center center","background-size":"auto","background-attachment":"scroll","background-type":"","background-media":"","overlay-type":"","overlay-color":"","overlay-opacity":"","overlay-gradient":""},"tablet":{"background-color":"","background-image":"","background-repeat":"repeat","background-position":"center center","background-size":"auto","background-attachment":"scroll","background-type":"","background-media":"","overlay-type":"","overlay-color":"","overlay-opacity":"","overlay-gradient":""},"mobile":{"background-color":"","background-image":"","background-repeat":"repeat","background-position":"center center","background-size":"auto","background-attachment":"scroll","background-type":"","background-media":"","overlay-type":"","overlay-color":"","overlay-opacity":"","overlay-gradient":""}},"ast-content-background-meta":{"desktop":{"background-color":"var(--ast-global-color-5)","background-image":"","background-repeat":"repeat","background-position":"center center","background-size":"auto","background-attachment":"scroll","background-type":"","background-media":"","overlay-type":"","overlay-color":"","overlay-opacity":"","overlay-gradient":""},"tablet":{"background-color":"var(--ast-global-color-5)","background-image":"","background-repeat":"repeat","background-position":"center center","background-size":"auto","background-attachment":"scroll","background-type":"","background-media":"","overlay-type":"","overlay-color":"","overlay-opacity":"","overlay-gradient":""},"mobile":{"background-color":"var(--ast-global-color-5)","background-image":"","background-repeat":"repeat","background-position":"center center","background-size":"auto","background-attachment":"scroll","background-type":"","background-media":"","overlay-type":"","overlay-color":"","overlay-opacity":"","overlay-gradient":""}},"footnotes":""},"categories":[48,34,1,36,4],"tags":[],"class_list":["post-6145","post","type-post","status-publish","format-standard","hentry","category-ala","category-cs","category-general","category-mp","category-portada"],"post_mailing_queue_ids":[],"_links":{"self":[{"href":"https:\/\/agora.xtec.cat\/escoladelparc\/wp-json\/wp\/v2\/posts\/6145","targetHints":{"allow":["GET"]}}],"collection":[{"href":"https:\/\/agora.xtec.cat\/escoladelparc\/wp-json\/wp\/v2\/posts"}],"about":[{"href":"https:\/\/agora.xtec.cat\/escoladelparc\/wp-json\/wp\/v2\/types\/post"}],"author":[{"embeddable":true,"href":"https:\/\/agora.xtec.cat\/escoladelparc\/wp-json\/wp\/v2\/users\/34"}],"replies":[{"embeddable":true,"href":"https:\/\/agora.xtec.cat\/escoladelparc\/wp-json\/wp\/v2\/comments?post=6145"}],"version-history":[{"count":1,"href":"https:\/\/agora.xtec.cat\/escoladelparc\/wp-json\/wp\/v2\/posts\/6145\/revisions"}],"predecessor-version":[{"id":6146,"href":"https:\/\/agora.xtec.cat\/escoladelparc\/wp-json\/wp\/v2\/posts\/6145\/revisions\/6146"}],"wp:attachment":[{"href":"https:\/\/agora.xtec.cat\/escoladelparc\/wp-json\/wp\/v2\/media?parent=6145"}],"wp:term":[{"taxonomy":"category","embeddable":true,"href":"https:\/\/agora.xtec.cat\/escoladelparc\/wp-json\/wp\/v2\/categories?post=6145"},{"taxonomy":"post_tag","embeddable":true,"href":"https:\/\/agora.xtec.cat\/escoladelparc\/wp-json\/wp\/v2\/tags?post=6145"}],"curies":[{"name":"wp","href":"https:\/\/api.w.org\/{rel}","templated":true}]}}