{"id":5346,"date":"2018-02-13T01:14:13","date_gmt":"2018-02-13T00:14:13","guid":{"rendered":"http:\/\/agora.xtec.cat\/escoladelparc\/?p=5346"},"modified":"2018-05-05T00:26:32","modified_gmt":"2018-05-04T22:26:32","slug":"jornades-de-portes-obertes-curs-20182019","status":"publish","type":"post","link":"https:\/\/agora.xtec.cat\/escoladelparc\/general\/jornades-de-portes-obertes-curs-20182019\/","title":{"rendered":"Informaci\u00f3 sobre el proc\u00e9s de Preinscripci\u00f3 i Matr\u00edcula Curs escolar 2018\/2019"},"content":{"rendered":"<p><em><strong>Resoluci\u00f3 normes de preinscripci\u00f3 i matr\u00edcula<\/strong><\/em><\/p>\n<p><a href=\"http:\/\/agora.xtec.cat\/escoladelparc\/wp-content\/uploads\/usu440\/2018\/02\/Resoluci\u00f3-603-2018-de-27-de-mar\u00e7-normes-de-preinscripci\u00f3-i-matr\u00edcula.pdf\">Resoluci\u00f3 ENS\/603\/2018, de 27 de mar\u00e7 normes de preinscripci\u00f3 i matr\u00edcula<\/a><\/p>\n<p><em><strong>Enlla\u00e7 on trobar la informaci\u00f3 en relaci\u00f3 al proc\u00e9s de preinscripci\u00f3 Curs 2018-2019. Web de la Generalitat de Catalunya<\/strong><\/em><\/p>\n<p><a href=\"http:\/\/queestudiar.gencat.cat\/ca\/preinscripcio\/estudis\/obligatoris\/\">http:\/\/queestudiar.gencat.cat\/ca\/preinscripcio\/estudis\/obligatoris\/<\/a><\/p>\n<p><strong><em>Presentaci\u00f3 de la sol\u00b7licitud de preinscripci\u00f3<\/em><\/strong><\/p>\n<ul style=\"list-style-type: square;\">\n<li>En el centre sol\u00b7licitat com a primera opci\u00f3. Cal demanar cita pr\u00e8via.<\/li>\n<\/ul>\n<p>Podeu fer\u00a0la reserva on-line (recordeu de posar el nom de l&#8217;alumne i clicar a fet) mitjan\u00e7ant l&#8217;aplicaci\u00f3\u00a0\u00a0<a href=\"https:\/\/doodle.com\/poll\/2vu4q6tu79mdssct\">https:\/\/doodle.com\/poll\/2vu4q6tu79mdssct<\/a>\u00a0o Trucant al tlf .933791868.<\/p>\n<ul style=\"list-style-type: square;\">\n<li>A l\u2019Oficina Municipal d\u2019Escolaritzaci\u00f3 (OME) (Pl.de la Vila, 1) amb cita pr\u00e8via, consultant la web de l\u2019Ajuntament \u00a0o al tel\u00e8fon 933790050.<\/li>\n<\/ul>\n<p><strong><em>Calendari del proc\u00e9s<\/em><\/strong><\/p>\n<table width=\"0\">\n<tbody>\n<tr>\n<td width=\"312\">\n<pre><strong>Fases <\/strong><\/pre>\n<\/td>\n<td width=\"274\">\n<pre><strong>Dates<\/strong><\/pre>\n<\/td>\n<\/tr>\n<tr>\n<td width=\"312\">\n<pre>Difusi\u00f3 de l'oferta *<\/pre>\n<\/td>\n<td width=\"274\">\n<pre>9 d\u2019abril<\/pre>\n<\/td>\n<\/tr>\n<tr>\n<td width=\"312\">\n<pre><strong>Presentaci\u00f3 de sol\u00b7licituds<\/strong><\/pre>\n<\/td>\n<td width=\"274\">\n<pre><strong>Del 13 al 24 d\u2019abril<\/strong><\/pre>\n<\/td>\n<\/tr>\n<tr>\n<td width=\"312\">\n<pre>Presentaci\u00f3 de documentaci\u00f3<\/pre>\n<\/td>\n<td width=\"274\">\n<pre>Fins el 25 d\u2019abril<\/pre>\n<\/td>\n<\/tr>\n<tr>\n<td width=\"312\">\n<pre><strong>Publicaci\u00f3 de llistes amb el barem provisional *<\/strong><\/pre>\n<\/td>\n<td width=\"274\">\n<pre><strong>3 de maig<\/strong><\/pre>\n<\/td>\n<\/tr>\n<tr>\n<td width=\"312\">\n<pre>Presentaci\u00f3 de reclamacions<\/pre>\n<\/td>\n<td width=\"274\">\n<pre>del 4 al 8 de maig<\/pre>\n<\/td>\n<\/tr>\n<tr>\n<td width=\"312\">\n<pre>Publicaci\u00f3 de llistes amb el barem resoltes les reclamacions *<\/pre>\n<\/td>\n<td width=\"274\">\n<pre>10 de maig<\/pre>\n<\/td>\n<\/tr>\n<tr>\n<td width=\"312\">\n<pre>Sorteig<\/pre>\n<\/td>\n<td width=\"274\">\n<pre>11 de maig<\/pre>\n<\/td>\n<\/tr>\n<tr>\n<td width=\"312\">\n<pre>Publicaci\u00f3 de llistes ordenades definitives*<\/pre>\n<\/td>\n<td width=\"274\">\n<pre>15 de maig<\/pre>\n<\/td>\n<\/tr>\n<tr>\n<td width=\"312\">\n<pre>Publicaci\u00f3 oferta definitiva *<\/pre>\n<\/td>\n<td width=\"274\">\n<pre>11 de juny<\/pre>\n<\/td>\n<\/tr>\n<tr>\n<td width=\"312\">\n<pre><strong>Publicaci\u00f3 de les llistes d'admesos *<\/strong><\/pre>\n<\/td>\n<td width=\"274\">\n<pre><strong>12 de juny<\/strong><\/pre>\n<\/td>\n<\/tr>\n<tr>\n<td width=\"312\">\n<pre><strong>Per\u00edode de matriculaci\u00f3  <\/strong><\/pre>\n<\/td>\n<td width=\"274\">\n<pre><strong>del 21 al 27 de juny<\/strong><\/pre>\n<\/td>\n<\/tr>\n<tr>\n<td width=\"312\">\n<pre>Llistes d\u2019alumnes matriculats procedents de preinscripci\u00f3 i nova admissi\u00f3*<\/pre>\n<\/td>\n<td width=\"274\">\n<pre>1 d\u2019octubre<\/pre>\n<\/td>\n<\/tr>\n<\/tbody>\n<\/table>\n<p>*Totes les publicacions es penjaran al tauler d&#8217;anuncis de l\u2019interior del centre<\/p>\n<p><em><strong>Gesti\u00f3 informaci\u00f3 proc\u00e9s de preinscripci\u00f3 i matr\u00edcula<\/strong><\/em><\/p>\n<p><a href=\"http:\/\/agora.xtec.cat\/escoladelparc\/wp-content\/uploads\/usu440\/2018\/02\/Proposta-orientacions-gesti\u00f3-informaci\u00f3_.docx\">Proposta orientacions gesti\u00f3 informaci\u00f3_<\/a><\/p>\n<p><strong><em>Diversitat de men\u00fas<\/em><\/strong><\/p>\n<p>L&#8217;empresa de menjador ofereix diferents men\u00fas especials per cel\u00edacs, i altres intoler\u00e0ncies o al.l\u00e8rgies aliment\u00e0ries.<\/p>\n<p>Podeu veure els men\u00fas a l&#8217;apartat del menjador.<\/p>\n<p><em><strong>Oferta de places de l&#8217;Escola del Parc<\/strong><\/em><\/p>\n<p><a href=\"http:\/\/agora.xtec.cat\/escoladelparc\/wp-content\/uploads\/usu440\/2018\/02\/INFORME_OFERTA_OME_INFORME_OFERTA.pdf\">INFORME_OFERTA_OME_INFORME_OFERTA<\/a><\/p>\n<p><em><strong>Presentacions de les jornades de portes obertes<\/strong><\/em><\/p>\n<p><iframe loading=\"lazy\" id=\"iframe_container\" src=\"https:\/\/prezi.com\/embed\/fqw9njps9nrk\/?bgcolor=ffffff&amp;lock_to_path=0&amp;autoplay=0&amp;autohide_ctrls=0&amp;landing_data=bHVZZmNaNDBIWnNjdEVENDRhZDFNZGNIUE43MHdLNWpsdFJLb2ZHanI5dWRmTHBVY2tRTlN6clU0SW1POS8zRDBRPT0&amp;landing_sign=zotrXHO7nhIDG7FF9MY7so8wIHR9pqZltUvkwEJM3po\" width=\"550\" height=\"400\" frameborder=\"0\" allowfullscreen=\"allowfullscreen\"><\/iframe><\/p>\n<p><a href=\"http:\/\/agora.xtec.cat\/escoladelparc\/wp-content\/uploads\/usu440\/2018\/02\/Escola-del-Parc-Projecte-de-Direcci\u00f3-PEC-2017-2021-Anna-Par\u00e9s.ppsx\">Escola del Parc Projecte de Direcci\u00f3 &#8211; PEC 2017-2021 (Anna Par\u00e9s)<\/a><\/p>\n<p>&nbsp;<\/p>\n<p>&nbsp;<\/p>\n","protected":false},"excerpt":{"rendered":"<p>Resoluci\u00f3 normes de preinscripci\u00f3 i matr\u00edcula Resoluci\u00f3 ENS\/603\/2018, de 27 de mar\u00e7 normes de preinscripci\u00f3 i matr\u00edcula Enlla\u00e7 on trobar la informaci\u00f3 en relaci\u00f3 al proc\u00e9s de preinscripci\u00f3 Curs 2018-2019. Web de la Generalitat de Catalunya http:\/\/queestudiar.gencat.cat\/ca\/preinscripcio\/estudis\/obligatoris\/ Presentaci\u00f3 de la sol\u00b7licitud de preinscripci\u00f3 En el centre sol\u00b7licitat com a primera opci\u00f3. Cal demanar cita pr\u00e8via. [&hellip;]<\/p>\n","protected":false},"author":1,"featured_media":0,"comment_status":"open","ping_status":"closed","sticky":false,"template":"","format":"standard","meta":{"_bbp_topic_count":0,"_bbp_reply_count":0,"_bbp_total_topic_count":0,"_bbp_total_reply_count":0,"_bbp_voice_count":0,"_bbp_anonymous_reply_count":0,"_bbp_topic_count_hidden":0,"_bbp_reply_count_hidden":0,"_bbp_forum_subforum_count":0,"site-sidebar-layout":"default","site-content-layout":"","ast-site-content-layout":"","site-content-style":"default","site-sidebar-style":"default","ast-global-header-display":"","ast-banner-title-visibility":"","ast-main-header-display":"","ast-hfb-above-header-display":"","ast-hfb-below-header-display":"","ast-hfb-mobile-header-display":"","site-post-title":"","ast-breadcrumbs-content":"","ast-featured-img":"","footer-sml-layout":"","theme-transparent-header-meta":"","adv-header-id-meta":"","stick-header-meta":"","header-above-stick-meta":"","header-main-stick-meta":"","header-below-stick-meta":"","astra-migrate-meta-layouts":"default","ast-page-background-enabled":"default","ast-page-background-meta":{"desktop":{"background-color":"var(--ast-global-color-4)","background-image":"","background-repeat":"repeat","background-position":"center center","background-size":"auto","background-attachment":"scroll","background-type":"","background-media":"","overlay-type":"","overlay-color":"","overlay-opacity":"","overlay-gradient":""},"tablet":{"background-color":"","background-image":"","background-repeat":"repeat","background-position":"center center","background-size":"auto","background-attachment":"scroll","background-type":"","background-media":"","overlay-type":"","overlay-color":"","overlay-opacity":"","overlay-gradient":""},"mobile":{"background-color":"","background-image":"","background-repeat":"repeat","background-position":"center center","background-size":"auto","background-attachment":"scroll","background-type":"","background-media":"","overlay-type":"","overlay-color":"","overlay-opacity":"","overlay-gradient":""}},"ast-content-background-meta":{"desktop":{"background-color":"var(--ast-global-color-5)","background-image":"","background-repeat":"repeat","background-position":"center center","background-size":"auto","background-attachment":"scroll","background-type":"","background-media":"","overlay-type":"","overlay-color":"","overlay-opacity":"","overlay-gradient":""},"tablet":{"background-color":"var(--ast-global-color-5)","background-image":"","background-repeat":"repeat","background-position":"center center","background-size":"auto","background-attachment":"scroll","background-type":"","background-media":"","overlay-type":"","overlay-color":"","overlay-opacity":"","overlay-gradient":""},"mobile":{"background-color":"var(--ast-global-color-5)","background-image":"","background-repeat":"repeat","background-position":"center center","background-size":"auto","background-attachment":"scroll","background-type":"","background-media":"","overlay-type":"","overlay-color":"","overlay-opacity":"","overlay-gradient":""}},"footnotes":""},"categories":[1,4],"tags":[],"class_list":["post-5346","post","type-post","status-publish","format-standard","hentry","category-general","category-portada"],"post_mailing_queue_ids":[],"_links":{"self":[{"href":"https:\/\/agora.xtec.cat\/escoladelparc\/wp-json\/wp\/v2\/posts\/5346","targetHints":{"allow":["GET"]}}],"collection":[{"href":"https:\/\/agora.xtec.cat\/escoladelparc\/wp-json\/wp\/v2\/posts"}],"about":[{"href":"https:\/\/agora.xtec.cat\/escoladelparc\/wp-json\/wp\/v2\/types\/post"}],"author":[{"embeddable":true,"href":"https:\/\/agora.xtec.cat\/escoladelparc\/wp-json\/wp\/v2\/users\/1"}],"replies":[{"embeddable":true,"href":"https:\/\/agora.xtec.cat\/escoladelparc\/wp-json\/wp\/v2\/comments?post=5346"}],"version-history":[{"count":4,"href":"https:\/\/agora.xtec.cat\/escoladelparc\/wp-json\/wp\/v2\/posts\/5346\/revisions"}],"predecessor-version":[{"id":5693,"href":"https:\/\/agora.xtec.cat\/escoladelparc\/wp-json\/wp\/v2\/posts\/5346\/revisions\/5693"}],"wp:attachment":[{"href":"https:\/\/agora.xtec.cat\/escoladelparc\/wp-json\/wp\/v2\/media?parent=5346"}],"wp:term":[{"taxonomy":"category","embeddable":true,"href":"https:\/\/agora.xtec.cat\/escoladelparc\/wp-json\/wp\/v2\/categories?post=5346"},{"taxonomy":"post_tag","embeddable":true,"href":"https:\/\/agora.xtec.cat\/escoladelparc\/wp-json\/wp\/v2\/tags?post=5346"}],"curies":[{"name":"wp","href":"https:\/\/api.w.org\/{rel}","templated":true}]}}