{"id":3143,"date":"2016-02-24T16:33:38","date_gmt":"2016-02-24T15:33:38","guid":{"rendered":"http:\/\/agora.xtec.cat\/escoladelparc\/?p=3143"},"modified":"2016-02-24T16:45:38","modified_gmt":"2016-02-24T15:45:38","slug":"lescola-del-parc-participa-al-concurs-the-fonix-2016","status":"publish","type":"post","link":"https:\/\/agora.xtec.cat\/escoladelparc\/general\/lescola-del-parc-participa-al-concurs-the-fonix-2016\/","title":{"rendered":"L\u2019Escola del Parc participa al concurs: The Fonix 2016"},"content":{"rendered":"<p><img loading=\"lazy\" decoding=\"async\" class=\"aligncenter\" src=\"http:\/\/www.santfrancesc.cat\/wp-content\/uploads\/2016\/02\/the-fonix-concurs-danglc3a8s.png\" alt=\"\" width=\"253\" height=\"76\" \/><\/p>\n<p>Els alumnes de 5\u00e8 i 6\u00e8 han participat a la Fase Local del concurs The Fonix 2016 i els candidats de l\u2019escola s\u00f3n<\/p>\n<p><strong><em>l&#8217;Anna Mart\u00ed Prieto, de 5\u00e8A\u00a0 <\/em><\/strong>i<strong><em> la Davinia Mireia Stoica, de 6\u00e8A<\/em><\/strong>.<\/p>\n<p><img loading=\"lazy\" decoding=\"async\" class=\" aligncenter\" src=\"https:\/\/lh3.googleusercontent.com\/pCEJC4_uXDqWBwE3mBf2uO4B14OJq9ooz_paeVDlEKfEtrw_K-gclp8u-8LbzaOgZQm0TqnC5tHpux5_w4grkAn4oaA-cyc0qeIPWNn8c1OetSH7nid-RIWJ69tG5hkaVx5eETKBgWoIj4nVbh6PuBI3kYIRbCwl7pVM0SzZvGtb0AOS7Tue2uCwwjSXPCEDW_U5LB_jtSN04MeDKmXmvTw7WqqgS0feE1t7X2-EPoqQHv25DHWGDuZwX5cM-C3uzjcZXIRv5yGmlFC8pjarNuM6xYrQkxQVpqdtLg8N0meJJAzZwqyFJZlQfZomgTBZSQG-00JABIW9gMmydEKJY0gBrSBrny_9KA3XmshbtNgWQnGj-oYeXw8ml-Qqy3sj-t1FZr15OchZCaFE9sCoJC5r_DlAsE7chEV2SRe96pOUsurzbseF-feqpUFWe9Hp1h5D4U-ZwBzLELx1L0I_DrusSrylpK87myZu7Xvmj24pMB-PVQCNs4Q7vHDqrAEdV6AuFFhHgpYr6b0PR2Je9GjlMXPrb3RMEW5KHHyx9uc9_MaJXCYOog3zFp_4QV0aiv6L=w271-h362-no\" alt=\"\" width=\"138\" height=\"184\" \/><\/p>\n<p><img loading=\"lazy\" decoding=\"async\" class=\" aligncenter\" src=\"https:\/\/lh3.googleusercontent.com\/Lsgc8S_8RIgIvdkrfpN61nipJJtEVtfh0wTvhPXHzOk6sjOtJF-_QbMHqLngDZUQt-X1oyJxjdkKNq2p3EBGUuQIyGRkc8-zQPcO8KW2fwzz7pRDmBepY61BHwjbJ0BJe-ABa_MO9xJj-SNZa-LQpopifmUeV_7s1XfxK0G0UBjRHR07w1IQhoq38dqx_b-7xpbkXvZppGl_B3h5DmkY3itdJgWsLFWQP3Yn5aq9UszSBWu2i1XvCBTfGYRv8Qy52tVFTlOZC4juiZRWojyoRZYegPQx4_HJ-JVUvviGxkDfsNMaCTHN0ghiAnb1ndmom8GZBtSTT3ns48Yfkl5TtVejLHhPgmkbuL8yHJ9Jy8uV1CUTgtKl0rl7PPEwS4XQnNP6UbYGJGk9SiXxexYJhDtBkwdZnPRj4rNeq0SFc3cNKRol10zUF7HQ8-fUFzTHfIsKPkMTXVJqRULeASu2y0dsBOnN61rA9vZhRBYD3xIfLGUEwonmylM0zcZEbJvK23d32Q8gTKDcyb3lFB5lNSeapJP90asvUOqzD9rMnkFHX9R4J1U17KQvsH9QyDhsf9-9=w242-h354-no\" alt=\"\" width=\"133\" height=\"194\" \/><\/p>\n<p>Les dues participaran, <strong>el dissabte 27 de febrer, en la Fase Territorial a Barcelona.<\/strong><\/p>\n<p>Les nostres alumnes hauran d\u2019enfrontar-se a una prova d\u2019angl\u00e8s que consistir\u00e0 en la realitzaci\u00f3 d\u2019una s\u00e8rie de comprensions lectores i redaccions en les quals hauran de demostrar la seva compet\u00e8ncia ling\u00fc\u00edstica en la llengua anglesa.<\/p>\n<p>En el cas que algun de les alumnes aconsegueixi quedar finalista passar\u00e0 a participar a la gran final que se celebrar\u00e0 a Barcelona el proper\u00a0<strong>Dissabte 18 d\u2019abril<\/strong> i que comptar\u00e0 amb la participaci\u00f3 de tots els finalistes de Catalunya.<\/p>\n<p>El concurs Fonix \u00e9s una iniciativa que pret\u00e9n complementar els plans de millora de la llengua anglesa als centres educatius de Catalunya i s\u2019organitza amb la finalitat d\u2019estimular i motivar l\u2019aprenentatge d\u2019aquest idioma, atesa la seva import\u00e0ncia a la societat actual.<\/p>\n<p>El concurs est\u00e0 organitzat per International House Barcelona i per la Fundaci\u00f3 Catalana de l\u2019Esplai. La participaci\u00f3 \u00e9s totalment gratu\u00efta i es financia exclusivament amb les aportacions dels organitzadors, patrocinadors i col\u00b7laboradors.<\/p>\n<p>Compta amb el suport de la Direcci\u00f3 General de Planificaci\u00f3 i Entorn del Departament d\u2019Educaci\u00f3 de la Generalitat de Catalunya, com a activitat organitzada en el marc d\u2019iniciatives socials d\u2019accions d\u2019entorn i d\u2019activitats vers l\u2019excel\u00b7l\u00e8ncia i en el del Pla d\u2019impuls de la llengua anglesa als centres educatius catalans.<\/p>\n<p style=\"text-align: center\"><strong>GOOD LUCK!!!<\/strong><\/p>\n<p>&nbsp;<\/p>\n","protected":false},"excerpt":{"rendered":"<p>Els alumnes de 5\u00e8 i 6\u00e8 han participat a la Fase Local del concurs The Fonix 2016 i els candidats de l\u2019escola s\u00f3n l&#8217;Anna Mart\u00ed Prieto, de 5\u00e8A\u00a0 i la Davinia Mireia Stoica, de 6\u00e8A. Les dues participaran, el dissabte 27 de febrer, en la Fase Territorial a Barcelona. Les nostres alumnes hauran d\u2019enfrontar-se a [&hellip;]<\/p>\n","protected":false},"author":13,"featured_media":0,"comment_status":"open","ping_status":"open","sticky":false,"template":"","format":"standard","meta":{"_bbp_topic_count":0,"_bbp_reply_count":0,"_bbp_total_topic_count":0,"_bbp_total_reply_count":0,"_bbp_voice_count":0,"_bbp_anonymous_reply_count":0,"_bbp_topic_count_hidden":0,"_bbp_reply_count_hidden":0,"_bbp_forum_subforum_count":0,"site-sidebar-layout":"default","site-content-layout":"","ast-site-content-layout":"","site-content-style":"default","site-sidebar-style":"default","ast-global-header-display":"","ast-banner-title-visibility":"","ast-main-header-display":"","ast-hfb-above-header-display":"","ast-hfb-below-header-display":"","ast-hfb-mobile-header-display":"","site-post-title":"","ast-breadcrumbs-content":"","ast-featured-img":"","footer-sml-layout":"","theme-transparent-header-meta":"","adv-header-id-meta":"","stick-header-meta":"","header-above-stick-meta":"","header-main-stick-meta":"","header-below-stick-meta":"","astra-migrate-meta-layouts":"default","ast-page-background-enabled":"default","ast-page-background-meta":{"desktop":{"background-color":"var(--ast-global-color-4)","background-image":"","background-repeat":"repeat","background-position":"center center","background-size":"auto","background-attachment":"scroll","background-type":"","background-media":"","overlay-type":"","overlay-color":"","overlay-opacity":"","overlay-gradient":""},"tablet":{"background-color":"","background-image":"","background-repeat":"repeat","background-position":"center center","background-size":"auto","background-attachment":"scroll","background-type":"","background-media":"","overlay-type":"","overlay-color":"","overlay-opacity":"","overlay-gradient":""},"mobile":{"background-color":"","background-image":"","background-repeat":"repeat","background-position":"center center","background-size":"auto","background-attachment":"scroll","background-type":"","background-media":"","overlay-type":"","overlay-color":"","overlay-opacity":"","overlay-gradient":""}},"ast-content-background-meta":{"desktop":{"background-color":"var(--ast-global-color-5)","background-image":"","background-repeat":"repeat","background-position":"center center","background-size":"auto","background-attachment":"scroll","background-type":"","background-media":"","overlay-type":"","overlay-color":"","overlay-opacity":"","overlay-gradient":""},"tablet":{"background-color":"var(--ast-global-color-5)","background-image":"","background-repeat":"repeat","background-position":"center center","background-size":"auto","background-attachment":"scroll","background-type":"","background-media":"","overlay-type":"","overlay-color":"","overlay-opacity":"","overlay-gradient":""},"mobile":{"background-color":"var(--ast-global-color-5)","background-image":"","background-repeat":"repeat","background-position":"center center","background-size":"auto","background-attachment":"scroll","background-type":"","background-media":"","overlay-type":"","overlay-color":"","overlay-opacity":"","overlay-gradient":""}},"footnotes":""},"categories":[34,1,4],"tags":[],"class_list":["post-3143","post","type-post","status-publish","format-standard","hentry","category-cs","category-general","category-portada"],"post_mailing_queue_ids":[],"_links":{"self":[{"href":"https:\/\/agora.xtec.cat\/escoladelparc\/wp-json\/wp\/v2\/posts\/3143","targetHints":{"allow":["GET"]}}],"collection":[{"href":"https:\/\/agora.xtec.cat\/escoladelparc\/wp-json\/wp\/v2\/posts"}],"about":[{"href":"https:\/\/agora.xtec.cat\/escoladelparc\/wp-json\/wp\/v2\/types\/post"}],"author":[{"embeddable":true,"href":"https:\/\/agora.xtec.cat\/escoladelparc\/wp-json\/wp\/v2\/users\/13"}],"replies":[{"embeddable":true,"href":"https:\/\/agora.xtec.cat\/escoladelparc\/wp-json\/wp\/v2\/comments?post=3143"}],"version-history":[{"count":3,"href":"https:\/\/agora.xtec.cat\/escoladelparc\/wp-json\/wp\/v2\/posts\/3143\/revisions"}],"predecessor-version":[{"id":3150,"href":"https:\/\/agora.xtec.cat\/escoladelparc\/wp-json\/wp\/v2\/posts\/3143\/revisions\/3150"}],"wp:attachment":[{"href":"https:\/\/agora.xtec.cat\/escoladelparc\/wp-json\/wp\/v2\/media?parent=3143"}],"wp:term":[{"taxonomy":"category","embeddable":true,"href":"https:\/\/agora.xtec.cat\/escoladelparc\/wp-json\/wp\/v2\/categories?post=3143"},{"taxonomy":"post_tag","embeddable":true,"href":"https:\/\/agora.xtec.cat\/escoladelparc\/wp-json\/wp\/v2\/tags?post=3143"}],"curies":[{"name":"wp","href":"https:\/\/api.w.org\/{rel}","templated":true}]}}