{"id":12569,"date":"2023-03-29T16:05:32","date_gmt":"2023-03-29T14:05:32","guid":{"rendered":"https:\/\/agora.xtec.cat\/escoladelparc\/?p=12569"},"modified":"2023-03-29T16:06:48","modified_gmt":"2023-03-29T14:06:48","slug":"1r-i-4t-fan-ceramica-tots-junts","status":"publish","type":"post","link":"https:\/\/agora.xtec.cat\/escoladelparc\/general\/1r-i-4t-fan-ceramica-tots-junts\/","title":{"rendered":"1r i 4t fan cer\u00e0mica tots junts!"},"content":{"rendered":"<p>Durant les \u00faltimes setmanes, amb motiu de la Setmana Cultural els nens i nenes de 1r hem estat estudiant les diferents etapes de la Prehist\u00f2ria: el paleol\u00edtic, el neol\u00edtic i l&#8217;edat dels metalls.<\/p>\n<p>Hem apr\u00e8s moltes coses, com que la prehist\u00f2ria va comen\u00e7ar amb els primers humans o que la hist\u00f2ria va comen\u00e7ar amb l&#8217;escriptura; la difer\u00e8ncia entre n\u00f2mades i sedentaris, hem fet pintures rupestres&#8230; En aquest proc\u00e9s tamb\u00e9 hem descobert que la cer\u00e0mica es va inventar al neol\u00edtic i que va ser fonamental en l&#8217;inici del comer\u00e7. Per aquest motiu hem convidat als nens i nenes de 4t a fer uns recipients de cer\u00e0mica i explicar-los el que hem apr\u00e8s al llarg d&#8217;aquestes setmanes.<\/p>\n<p>Sens dubte, ha estat una experi\u00e8ncia molt profitosa!<\/p>\n<p>Us deixem un tastet de com ha anat l&#8217;activitat, nom\u00e9s cal que cliqueu <a href=\"https:\/\/photos.app.goo.gl\/rNxdwsdvGAFXEF1q6\">aqu\u00ed<\/a>!<\/p>\n<div style=\"width: 100%;height: 0;padding-top: 75.0000%;padding-bottom: 0;margin-top: 1.6em;margin-bottom: 0.9em;overflow: hidden;border-radius: 8px\"><iframe style=\"width: 100%;height: 100%;border: none;padding: 0;margin: 0\" src=\"https:\/\/www.canva.com\/design\/DAFdXA9CU1s\/view?embed\" data-mce-fragment=\"1\"><br \/>\n<\/iframe><\/div>\n<p><a href=\"https:\/\/www.canva.com\/design\/DAFdXA9CU1s\/view?utm_content=DAFdXA9CU1s&amp;utm_campaign=designshare&amp;utm_medium=embeds&amp;utm_source=link\" target=\"_blank\" rel=\"noopener\">La cer\u00e0mica al neol\u00edtic<\/a><\/p>\n<p>&nbsp;<\/p>\n<p>&nbsp;<\/p>\n<p>&nbsp;<\/p>\n","protected":false},"excerpt":{"rendered":"<p>Durant les \u00faltimes setmanes, amb motiu de la Setmana Cultural els nens i nenes de 1r hem estat estudiant les diferents etapes de la Prehist\u00f2ria: el paleol\u00edtic, el neol\u00edtic i l&#8217;edat dels metalls. Hem apr\u00e8s moltes coses, com que la prehist\u00f2ria va comen\u00e7ar amb els primers humans o que la hist\u00f2ria va comen\u00e7ar amb l&#8217;escriptura; [&hellip;]<\/p>\n","protected":false},"author":34,"featured_media":0,"comment_status":"open","ping_status":"closed","sticky":false,"template":"","format":"standard","meta":{"_bbp_topic_count":0,"_bbp_reply_count":0,"_bbp_total_topic_count":0,"_bbp_total_reply_count":0,"_bbp_voice_count":0,"_bbp_anonymous_reply_count":0,"_bbp_topic_count_hidden":0,"_bbp_reply_count_hidden":0,"_bbp_forum_subforum_count":0,"site-sidebar-layout":"default","site-content-layout":"","ast-site-content-layout":"","site-content-style":"default","site-sidebar-style":"default","ast-global-header-display":"","ast-banner-title-visibility":"","ast-main-header-display":"","ast-hfb-above-header-display":"","ast-hfb-below-header-display":"","ast-hfb-mobile-header-display":"","site-post-title":"","ast-breadcrumbs-content":"","ast-featured-img":"","footer-sml-layout":"","theme-transparent-header-meta":"","adv-header-id-meta":"","stick-header-meta":"","header-above-stick-meta":"","header-main-stick-meta":"","header-below-stick-meta":"","astra-migrate-meta-layouts":"default","ast-page-background-enabled":"default","ast-page-background-meta":{"desktop":{"background-color":"var(--ast-global-color-4)","background-image":"","background-repeat":"repeat","background-position":"center center","background-size":"auto","background-attachment":"scroll","background-type":"","background-media":"","overlay-type":"","overlay-color":"","overlay-opacity":"","overlay-gradient":""},"tablet":{"background-color":"","background-image":"","background-repeat":"repeat","background-position":"center center","background-size":"auto","background-attachment":"scroll","background-type":"","background-media":"","overlay-type":"","overlay-color":"","overlay-opacity":"","overlay-gradient":""},"mobile":{"background-color":"","background-image":"","background-repeat":"repeat","background-position":"center center","background-size":"auto","background-attachment":"scroll","background-type":"","background-media":"","overlay-type":"","overlay-color":"","overlay-opacity":"","overlay-gradient":""}},"ast-content-background-meta":{"desktop":{"background-color":"var(--ast-global-color-5)","background-image":"","background-repeat":"repeat","background-position":"center center","background-size":"auto","background-attachment":"scroll","background-type":"","background-media":"","overlay-type":"","overlay-color":"","overlay-opacity":"","overlay-gradient":""},"tablet":{"background-color":"var(--ast-global-color-5)","background-image":"","background-repeat":"repeat","background-position":"center center","background-size":"auto","background-attachment":"scroll","background-type":"","background-media":"","overlay-type":"","overlay-color":"","overlay-opacity":"","overlay-gradient":""},"mobile":{"background-color":"var(--ast-global-color-5)","background-image":"","background-repeat":"repeat","background-position":"center center","background-size":"auto","background-attachment":"scroll","background-type":"","background-media":"","overlay-type":"","overlay-color":"","overlay-opacity":"","overlay-gradient":""}},"footnotes":""},"categories":[33,1,4,37,83],"tags":[],"class_list":["post-12569","post","type-post","status-publish","format-standard","hentry","category-ci","category-general","category-portada","category-pj","category-setmana-cultural"],"post_mailing_queue_ids":[],"_links":{"self":[{"href":"https:\/\/agora.xtec.cat\/escoladelparc\/wp-json\/wp\/v2\/posts\/12569","targetHints":{"allow":["GET"]}}],"collection":[{"href":"https:\/\/agora.xtec.cat\/escoladelparc\/wp-json\/wp\/v2\/posts"}],"about":[{"href":"https:\/\/agora.xtec.cat\/escoladelparc\/wp-json\/wp\/v2\/types\/post"}],"author":[{"embeddable":true,"href":"https:\/\/agora.xtec.cat\/escoladelparc\/wp-json\/wp\/v2\/users\/34"}],"replies":[{"embeddable":true,"href":"https:\/\/agora.xtec.cat\/escoladelparc\/wp-json\/wp\/v2\/comments?post=12569"}],"version-history":[{"count":2,"href":"https:\/\/agora.xtec.cat\/escoladelparc\/wp-json\/wp\/v2\/posts\/12569\/revisions"}],"predecessor-version":[{"id":12572,"href":"https:\/\/agora.xtec.cat\/escoladelparc\/wp-json\/wp\/v2\/posts\/12569\/revisions\/12572"}],"wp:attachment":[{"href":"https:\/\/agora.xtec.cat\/escoladelparc\/wp-json\/wp\/v2\/media?parent=12569"}],"wp:term":[{"taxonomy":"category","embeddable":true,"href":"https:\/\/agora.xtec.cat\/escoladelparc\/wp-json\/wp\/v2\/categories?post=12569"},{"taxonomy":"post_tag","embeddable":true,"href":"https:\/\/agora.xtec.cat\/escoladelparc\/wp-json\/wp\/v2\/tags?post=12569"}],"curies":[{"name":"wp","href":"https:\/\/api.w.org\/{rel}","templated":true}]}}