{"id":12440,"date":"2023-03-01T18:29:09","date_gmt":"2023-03-01T17:29:09","guid":{"rendered":"https:\/\/agora.xtec.cat\/escoladelparc\/?p=12440"},"modified":"2023-07-15T13:25:57","modified_gmt":"2023-07-15T11:25:57","slug":"portes-obertes-i-preinscripcio-curs-2023-24","status":"publish","type":"post","link":"https:\/\/agora.xtec.cat\/escoladelparc\/general\/portes-obertes-i-preinscripcio-curs-2023-24\/","title":{"rendered":"MATR\u00cdCULA &#8211; Preinscripci\u00f3 CURS 2023-24"},"content":{"rendered":"<table style=\"border-collapse: collapse; width: 100%;\">\n<tbody>\n<tr>\n<td style=\"width: 100%;\">\n<h4>Enlla\u00e7 al calendari per demanar cita pr\u00e8via per a formalitzar la matr\u00edcula<\/h4>\n<h6>fins divendres 16 de juny no hi tindreu acc\u00e9s<\/h6>\n<p>https:\/\/aplicacions.gestioeducativa.gencat.cat\/pls\/apex\/f?p=CITA_PREVIA:4::::4:P4_TIPUS_CALENDARI,P4_DOMINI:03_Oblig,08022902<\/p>\n<h5>Documentaci\u00f3 que heu de dur el dia de la matr\u00edcula:<\/h5>\n<div><\/div>\n<div>&#8211; 4 fotos de carnet de l&#8217;alumne\/a (amb el nom i cognom escrit darrera)<\/div>\n<div>&#8211; Fotoc\u00f2pia del full de vacunes de l&#8217;alumne\/a\u00a0 i llibre original<\/div>\n<div>&#8211; Fotoc\u00f2pia de la Targeta\u00a0sanit\u00e0ria de l&#8217;alumne\/a<\/div>\n<div>&#8211; Llibre de fam\u00edlia\u00a0original ( i fotoc\u00f2pies si no es van adjuntar\u00a0a la preinscripci\u00f3 )<\/div>\n<div>&#8211; Fotoc\u00f2pia del DNI del pare i la\u00a0 mare (\u00a0 si no es no es va\u00a0 adjuntar a la preinscripci\u00f3)<\/div>\n<div>&#8211; Fotoc\u00f2pia del DNI de l&#8217;alumne\u00a0 (si en t\u00e9 i no es va adjuntar\u00a0 a la preinscripci\u00f3)<\/div>\n<div><\/div>\n<\/td>\n<\/tr>\n<\/tbody>\n<\/table>\n<table style=\"border-collapse: collapse; width: 100%;\">\n<tbody>\n<tr>\n<td style=\"width: 25%;\" colspan=\"4\">\n<h4 style=\"text-align: center;\">Matriculaci\u00f3 alumnes preinscrits amb pla\u00e7a assignada\u00a0Del 20 al 28 de juny de 2023<\/h4>\n<\/td>\n<\/tr>\n<tr>\n<td style=\"width: 25%;\">\n<h4 style=\"text-align: center;\">Per\u00edode d&#8217;ampliaci\u00f3 de peticions per a les sol\u00b7licituds de preinscripci\u00f3 sense assignaci\u00f3 (assignaci\u00f3 d&#8217;ofici)<\/h4>\n<h4 style=\"text-align: center;\">Del 29 de maig a l\u20191 de juny<\/h4>\n<\/td>\n<td style=\"width: 25%;\">\n<h4 style=\"text-align: center;\"><strong>Llistes d\u2019alumnes admesos i llistes d\u2019espera<\/strong><\/h4>\n<p style=\"text-align: center;\"><a href=\"https:\/\/agora.xtec.cat\/escoladelparc\/wp-content\/uploads\/usu440\/2023\/03\/INFORME_PREINSCRITES_OME_INFORME_PREINSCRITES_OME.pdf\">INFORME_PREINSCRITES<\/a><\/p>\n<p style=\"text-align: center;\"><a href=\"https:\/\/agora.xtec.cat\/escoladelparc\/wp-content\/uploads\/usu440\/2023\/03\/INFORME_ASSIGNADES_INFORME_ASSIGNADES.pdf\">INFORME_ASSIGNADES<\/a><\/p>\n<p style=\"text-align: center;\"><a href=\"https:\/\/agora.xtec.cat\/escoladelparc\/wp-content\/uploads\/usu440\/2023\/03\/INFORME_LLISTA_ESPERA_OME_LLISTA_ESPERA-1.pdf\">INFORME_LLISTA_ESPERA<\/a><\/p>\n<h4 style=\"text-align: center;\">12 de juny<\/h4>\n<\/td>\n<td style=\"width: 25%;\">\n<h4 style=\"text-align: center;\"><strong><a href=\"https:\/\/agora.xtec.cat\/escoladelparc\/wp-content\/uploads\/usu440\/2023\/03\/INFORME_OFERTA_OME_INFORME_OFERTA.pdf\">Publicaci\u00f3 de l\u2019oferta final de places escolars<\/a><\/strong><\/h4>\n<h4 style=\"text-align: center;\"><strong>9 de juny<\/strong><\/h4>\n<\/td>\n<td style=\"width: 25%; text-align: center;\">\n<h4><strong><a href=\"https:\/\/agora.xtec.cat\/escoladelparc\/wp-content\/uploads\/usu440\/2023\/03\/INFORME_BAREM_DEFINITIU_BAREM.pdf\">Publicaci\u00f3 de la llista ordenada<\/a><\/strong><\/h4>\n<h4><strong>11 de maig<\/strong><\/h4>\n<\/td>\n<\/tr>\n<tr>\n<td style=\"width: 25%; text-align: center;\">\n<h4><a href=\"https:\/\/preinscripcio.gencat.cat\/ca\/inici\"><strong>Sorteig del n\u00famero de desempat<\/strong><\/a><\/h4>\n<h4><strong>9 de maig<\/strong><\/h4>\n<p><strong>66.646 n\u00ba desempat<\/strong><\/td>\n<td style=\"width: 25%;\">\n<h4 style=\"text-align: center;\"><a href=\"https:\/\/agora.xtec.cat\/escoladelparc\/wp-content\/uploads\/usu440\/2023\/03\/INFORME_BAREM_RESOLTES_BAREM.pdf\"><strong>Llista de sol\u00b7licituds amb la puntuaci\u00f3 definitiva<\/strong><\/a><\/h4>\n<h4 style=\"text-align: center;\"><strong>3 de maig<\/strong><\/h4>\n<\/td>\n<td style=\"width: 25%; text-align: center;\">\n<h3><a href=\"https:\/\/agora.xtec.cat\/escoladelparc\/wp-content\/uploads\/usu440\/2023\/03\/08022902.INFORME_BAREM_PROVISIONAL.pdf\"><strong>Llista de sol\u00b7licituds amb la puntuaci\u00f3 provisional<\/strong><\/a><\/h3>\n<\/td>\n<td style=\"width: 25%;\"><a href=\"https:\/\/agora.xtec.cat\/escoladelparc\/wp-content\/uploads\/usu440\/2023\/03\/OFERTA-INICIAL-DE-PLACES.-23.24.pdf\"><img loading=\"lazy\" decoding=\"async\" class=\"wp-image-12481 size-thumbnail aligncenter\" src=\"https:\/\/agora.xtec.cat\/escoladelparc\/wp-content\/uploads\/usu440\/2023\/03\/Brown-Doodle-Company-profile-Presentation-3-150x150.png\" alt=\"\" width=\"150\" height=\"150\" srcset=\"https:\/\/agora.xtec.cat\/escoladelparc\/wp-content\/uploads\/usu440\/2023\/03\/Brown-Doodle-Company-profile-Presentation-3-150x150.png 150w, https:\/\/agora.xtec.cat\/escoladelparc\/wp-content\/uploads\/usu440\/2023\/03\/Brown-Doodle-Company-profile-Presentation-3-300x300.png 300w, https:\/\/agora.xtec.cat\/escoladelparc\/wp-content\/uploads\/usu440\/2023\/03\/Brown-Doodle-Company-profile-Presentation-3.png 500w\" sizes=\"auto, (max-width: 150px) 100vw, 150px\" \/><\/a><\/td>\n<\/tr>\n<tr>\n<td style=\"width: 25%; text-align: center;\"><a href=\"https:\/\/view.genial.ly\/63f673d8d30e8a0011d145e9\/interactive-image-portes-obertes-escola-del-parc\"><img loading=\"lazy\" decoding=\"async\" class=\"wp-image-12444 aligncenter\" src=\"https:\/\/agora.xtec.cat\/escoladelparc\/wp-content\/uploads\/usu440\/2023\/03\/Portes-Obertes-copia-2.png\" alt=\"\" width=\"176\" height=\"225\" srcset=\"https:\/\/agora.xtec.cat\/escoladelparc\/wp-content\/uploads\/usu440\/2023\/03\/Portes-Obertes-copia-2.png 261w, https:\/\/agora.xtec.cat\/escoladelparc\/wp-content\/uploads\/usu440\/2023\/03\/Portes-Obertes-copia-2-234x300.png 234w\" sizes=\"auto, (max-width: 176px) 100vw, 176px\" \/><\/a><\/td>\n<td style=\"width: 25%; text-align: center;\"><a href=\"https:\/\/www.youtube.com\/watch?v=ZsZaLLIsbgs\"><img loading=\"lazy\" decoding=\"async\" class=\"wp-image-12447 aligncenter\" src=\"https:\/\/agora.xtec.cat\/escoladelparc\/wp-content\/uploads\/usu440\/2023\/03\/Portes-Obertes-copia-3.png\" alt=\"\" width=\"178\" height=\"225\" srcset=\"https:\/\/agora.xtec.cat\/escoladelparc\/wp-content\/uploads\/usu440\/2023\/03\/Portes-Obertes-copia-3.png 261w, https:\/\/agora.xtec.cat\/escoladelparc\/wp-content\/uploads\/usu440\/2023\/03\/Portes-Obertes-copia-3-237x300.png 237w\" sizes=\"auto, (max-width: 178px) 100vw, 178px\" \/><\/a><\/td>\n<td style=\"width: 25%; text-align: center;\"><a href=\"https:\/\/agora.xtec.cat\/escoladelparc\/wp-content\/uploads\/usu440\/2023\/03\/Un-dia-a-I3-1.pdf\"><img loading=\"lazy\" decoding=\"async\" class=\"wp-image-12446 aligncenter\" src=\"https:\/\/agora.xtec.cat\/escoladelparc\/wp-content\/uploads\/usu440\/2023\/03\/Portes-Obertes-copia-4.png\" alt=\"\" width=\"177\" height=\"225\" srcset=\"https:\/\/agora.xtec.cat\/escoladelparc\/wp-content\/uploads\/usu440\/2023\/03\/Portes-Obertes-copia-4.png 257w, https:\/\/agora.xtec.cat\/escoladelparc\/wp-content\/uploads\/usu440\/2023\/03\/Portes-Obertes-copia-4-236x300.png 236w\" sizes=\"auto, (max-width: 177px) 100vw, 177px\" \/><\/a><\/td>\n<td style=\"width: 25%; text-align: center;\"><a href=\"https:\/\/www.elprat.cat\/educacio\/estudiar-al-prat\/preinscripcio-escoles-i-instituts-curs-2023-2024\"><img loading=\"lazy\" decoding=\"async\" class=\"wp-image-12448 aligncenter\" src=\"https:\/\/agora.xtec.cat\/escoladelparc\/wp-content\/uploads\/usu440\/2023\/03\/Portes-Obertes-1.png\" alt=\"\" width=\"180\" height=\"223\" srcset=\"https:\/\/agora.xtec.cat\/escoladelparc\/wp-content\/uploads\/usu440\/2023\/03\/Portes-Obertes-1.png 264w, https:\/\/agora.xtec.cat\/escoladelparc\/wp-content\/uploads\/usu440\/2023\/03\/Portes-Obertes-1-241x300.png 241w\" sizes=\"auto, (max-width: 180px) 100vw, 180px\" \/><\/a><\/td>\n<\/tr>\n<\/tbody>\n<\/table>\n<p><a href=\"https:\/\/agora.xtec.cat\/escoladelparc\/wp-content\/uploads\/usu440\/2023\/03\/Portes-Obertes.png\">\u00a0<\/a><\/p>\n","protected":false},"excerpt":{"rendered":"<p>Enlla\u00e7 al calendari per demanar cita pr\u00e8via per a formalitzar la matr\u00edcula fins divendres 16 de juny no hi tindreu acc\u00e9s https:\/\/aplicacions.gestioeducativa.gencat.cat\/pls\/apex\/f?p=CITA_PREVIA:4::::4:P4_TIPUS_CALENDARI,P4_DOMINI:03_Oblig,08022902 Documentaci\u00f3 que heu de dur el dia de la matr\u00edcula: &#8211; 4 fotos de carnet de l&#8217;alumne\/a (amb el nom i cognom escrit darrera) &#8211; Fotoc\u00f2pia del full de vacunes de l&#8217;alumne\/a\u00a0 i [&hellip;]<\/p>\n","protected":false},"author":1,"featured_media":12464,"comment_status":"open","ping_status":"closed","sticky":false,"template":"","format":"standard","meta":{"_bbp_topic_count":0,"_bbp_reply_count":0,"_bbp_total_topic_count":0,"_bbp_total_reply_count":0,"_bbp_voice_count":0,"_bbp_anonymous_reply_count":0,"_bbp_topic_count_hidden":0,"_bbp_reply_count_hidden":0,"_bbp_forum_subforum_count":0,"site-sidebar-layout":"default","site-content-layout":"","ast-site-content-layout":"","site-content-style":"default","site-sidebar-style":"default","ast-global-header-display":"","ast-banner-title-visibility":"","ast-main-header-display":"","ast-hfb-above-header-display":"","ast-hfb-below-header-display":"","ast-hfb-mobile-header-display":"","site-post-title":"","ast-breadcrumbs-content":"","ast-featured-img":"","footer-sml-layout":"","theme-transparent-header-meta":"","adv-header-id-meta":"","stick-header-meta":"","header-above-stick-meta":"","header-main-stick-meta":"","header-below-stick-meta":"","astra-migrate-meta-layouts":"default","ast-page-background-enabled":"default","ast-page-background-meta":{"desktop":{"background-color":"var(--ast-global-color-4)","background-image":"","background-repeat":"repeat","background-position":"center center","background-size":"auto","background-attachment":"scroll","background-type":"","background-media":"","overlay-type":"","overlay-color":"","overlay-opacity":"","overlay-gradient":""},"tablet":{"background-color":"","background-image":"","background-repeat":"repeat","background-position":"center center","background-size":"auto","background-attachment":"scroll","background-type":"","background-media":"","overlay-type":"","overlay-color":"","overlay-opacity":"","overlay-gradient":""},"mobile":{"background-color":"","background-image":"","background-repeat":"repeat","background-position":"center center","background-size":"auto","background-attachment":"scroll","background-type":"","background-media":"","overlay-type":"","overlay-color":"","overlay-opacity":"","overlay-gradient":""}},"ast-content-background-meta":{"desktop":{"background-color":"var(--ast-global-color-5)","background-image":"","background-repeat":"repeat","background-position":"center center","background-size":"auto","background-attachment":"scroll","background-type":"","background-media":"","overlay-type":"","overlay-color":"","overlay-opacity":"","overlay-gradient":""},"tablet":{"background-color":"var(--ast-global-color-5)","background-image":"","background-repeat":"repeat","background-position":"center center","background-size":"auto","background-attachment":"scroll","background-type":"","background-media":"","overlay-type":"","overlay-color":"","overlay-opacity":"","overlay-gradient":""},"mobile":{"background-color":"var(--ast-global-color-5)","background-image":"","background-repeat":"repeat","background-position":"center center","background-size":"auto","background-attachment":"scroll","background-type":"","background-media":"","overlay-type":"","overlay-color":"","overlay-opacity":"","overlay-gradient":""}},"footnotes":""},"categories":[1,4],"tags":[],"class_list":["post-12440","post","type-post","status-publish","format-standard","has-post-thumbnail","hentry","category-general","category-portada"],"post_mailing_queue_ids":[],"_links":{"self":[{"href":"https:\/\/agora.xtec.cat\/escoladelparc\/wp-json\/wp\/v2\/posts\/12440","targetHints":{"allow":["GET"]}}],"collection":[{"href":"https:\/\/agora.xtec.cat\/escoladelparc\/wp-json\/wp\/v2\/posts"}],"about":[{"href":"https:\/\/agora.xtec.cat\/escoladelparc\/wp-json\/wp\/v2\/types\/post"}],"author":[{"embeddable":true,"href":"https:\/\/agora.xtec.cat\/escoladelparc\/wp-json\/wp\/v2\/users\/1"}],"replies":[{"embeddable":true,"href":"https:\/\/agora.xtec.cat\/escoladelparc\/wp-json\/wp\/v2\/comments?post=12440"}],"version-history":[{"count":4,"href":"https:\/\/agora.xtec.cat\/escoladelparc\/wp-json\/wp\/v2\/posts\/12440\/revisions"}],"predecessor-version":[{"id":12856,"href":"https:\/\/agora.xtec.cat\/escoladelparc\/wp-json\/wp\/v2\/posts\/12440\/revisions\/12856"}],"wp:featuredmedia":[{"embeddable":true,"href":"https:\/\/agora.xtec.cat\/escoladelparc\/wp-json\/wp\/v2\/media\/12464"}],"wp:attachment":[{"href":"https:\/\/agora.xtec.cat\/escoladelparc\/wp-json\/wp\/v2\/media?parent=12440"}],"wp:term":[{"taxonomy":"category","embeddable":true,"href":"https:\/\/agora.xtec.cat\/escoladelparc\/wp-json\/wp\/v2\/categories?post=12440"},{"taxonomy":"post_tag","embeddable":true,"href":"https:\/\/agora.xtec.cat\/escoladelparc\/wp-json\/wp\/v2\/tags?post=12440"}],"curies":[{"name":"wp","href":"https:\/\/api.w.org\/{rel}","templated":true}]}}