{"id":11803,"date":"2022-04-01T19:37:31","date_gmt":"2022-04-01T17:37:31","guid":{"rendered":"https:\/\/agora.xtec.cat\/escoladelparc\/?p=11803"},"modified":"2022-04-01T19:51:38","modified_gmt":"2022-04-01T17:51:38","slug":"2-dabril-dia-mundial-de-conscienciacio-sobre-lautisme","status":"publish","type":"post","link":"https:\/\/agora.xtec.cat\/escoladelparc\/general\/2-dabril-dia-mundial-de-conscienciacio-sobre-lautisme\/","title":{"rendered":"2 d&#8217;abril, Dia Mundial de Conscienciaci\u00f3 sobre l&#8217;Autisme"},"content":{"rendered":"<p>Dem\u00e0 se celebra el dia mundial de la conscienciaci\u00f3 de les persones amb autisme.<br \/>\nNosaltres com a escola inclusiva, hem decidit fer un gest per donar visibilitat a aquest col\u00b7lectiu i donar el nostre suport.<br \/>\nPer aix\u00f2, ens hem vestit de color blau i volem donar un cop d&#8217;ull a l&#8217;autisme.<\/p>\n<p>Si cliqueu a la imatge veureu totes les fotos.<a href=\"https:\/\/photos.app.goo.gl\/fhxD1tNN5m7mg5Pf6\"><img loading=\"lazy\" decoding=\"async\" class=\"aligncenter\" src=\"https:\/\/lh3.googleusercontent.com\/vsyH1kyWqI5n6725G6aAC5-9VaVVY4XI-vchCJmZg9r1IoKTnCbydmx-hw_ZlK799qpLqqsfOl3A2biqbbHwIdlYC5MqeEwcUcHQcqkS6nLM6Z1RLDThVVXDg6OYaE6ldokWuytlZCDjfVoNHuQocCL21PzaRDTCO355EXprx-JixnSK0CkxnzC3Ss_rZFvkizK1QyeS5QjXlAlSTMNgmR6KzUqtj3kqiIgqoKnrn8PVtALJL7rc9DuIuqSO_XxY3RHnB-uzrXFo8N-OVpCYHY0aq4ycaWEXCNi2erp3Jf3bz_3r45NZBvVvEZ8SLl-iqKUNSOzMwWFoyyuSfYjvAuNCNNf3IKyvgvWYiG5fyFrl55_Dsn-ztLHBWVwx2VM-8lNwn79N0sat3FLv8PLJc_g1CpsZxY0Gvpd7zBDKd8YrCesb1Gko4fXAAiuqsvWgwmvAitpcI9jOQLc7XYZw0B6cVm_okC6dFK8iA6Hz6vygngZS7iVR-KBN2ezQHB-HEa7QUT40FZ6asKl_3KgS6rPFMYwsXJPpwxW4_OVHaeHd3w3M847LeUN2YJwQ8iXlKBaJO3fSykA8m7VUvV6ib-J6rWXlnBrJU6_D8Yi-QgqP7HQVy4FTbMEu-AjOpk1OgTlkJyTrOsNboNQw1jP4zasS4TrbXiSUogpA5UHx2jR7qalRLUhYwxPbiiTbLuc5SoW0wWoDn4h1QD94qtl54yffMvozDMQJf_aKIPx9ft5oCCRdsVKX5R1cuNBpEYFg7NGjNOPIVdCdSeEu2q35GrMZc3smZf5Ungyzmb2dhE3vkwGybGa2Rn3unJWb21faooH01qOwNePdWnHQQDIK0Q_tnLoIpTaDKGQwn3A=w1123-h933-no?authuser=3\" width=\"390\" height=\"324\" \/><\/a><\/p>\n<p>&nbsp;<\/p>\n","protected":false},"excerpt":{"rendered":"<p>Dem\u00e0 se celebra el dia mundial de la conscienciaci\u00f3 de les persones amb autisme. Nosaltres com a escola inclusiva, hem decidit fer un gest per donar visibilitat a aquest col\u00b7lectiu i donar el nostre suport. Per aix\u00f2, ens hem vestit de color blau i volem donar un cop d&#8217;ull a l&#8217;autisme. Si cliqueu a la [&hellip;]<\/p>\n","protected":false},"author":34,"featured_media":0,"comment_status":"open","ping_status":"closed","sticky":false,"template":"","format":"standard","meta":{"_bbp_topic_count":0,"_bbp_reply_count":0,"_bbp_total_topic_count":0,"_bbp_total_reply_count":0,"_bbp_voice_count":0,"_bbp_anonymous_reply_count":0,"_bbp_topic_count_hidden":0,"_bbp_reply_count_hidden":0,"_bbp_forum_subforum_count":0,"site-sidebar-layout":"default","site-content-layout":"","ast-site-content-layout":"","site-content-style":"default","site-sidebar-style":"default","ast-global-header-display":"","ast-banner-title-visibility":"","ast-main-header-display":"","ast-hfb-above-header-display":"","ast-hfb-below-header-display":"","ast-hfb-mobile-header-display":"","site-post-title":"","ast-breadcrumbs-content":"","ast-featured-img":"","footer-sml-layout":"","theme-transparent-header-meta":"","adv-header-id-meta":"","stick-header-meta":"","header-above-stick-meta":"","header-main-stick-meta":"","header-below-stick-meta":"","astra-migrate-meta-layouts":"default","ast-page-background-enabled":"default","ast-page-background-meta":{"desktop":{"background-color":"var(--ast-global-color-4)","background-image":"","background-repeat":"repeat","background-position":"center center","background-size":"auto","background-attachment":"scroll","background-type":"","background-media":"","overlay-type":"","overlay-color":"","overlay-opacity":"","overlay-gradient":""},"tablet":{"background-color":"","background-image":"","background-repeat":"repeat","background-position":"center center","background-size":"auto","background-attachment":"scroll","background-type":"","background-media":"","overlay-type":"","overlay-color":"","overlay-opacity":"","overlay-gradient":""},"mobile":{"background-color":"","background-image":"","background-repeat":"repeat","background-position":"center center","background-size":"auto","background-attachment":"scroll","background-type":"","background-media":"","overlay-type":"","overlay-color":"","overlay-opacity":"","overlay-gradient":""}},"ast-content-background-meta":{"desktop":{"background-color":"var(--ast-global-color-5)","background-image":"","background-repeat":"repeat","background-position":"center center","background-size":"auto","background-attachment":"scroll","background-type":"","background-media":"","overlay-type":"","overlay-color":"","overlay-opacity":"","overlay-gradient":""},"tablet":{"background-color":"var(--ast-global-color-5)","background-image":"","background-repeat":"repeat","background-position":"center center","background-size":"auto","background-attachment":"scroll","background-type":"","background-media":"","overlay-type":"","overlay-color":"","overlay-opacity":"","overlay-gradient":""},"mobile":{"background-color":"var(--ast-global-color-5)","background-image":"","background-repeat":"repeat","background-position":"center center","background-size":"auto","background-attachment":"scroll","background-type":"","background-media":"","overlay-type":"","overlay-color":"","overlay-opacity":"","overlay-gradient":""}},"footnotes":""},"categories":[1,4],"tags":[],"class_list":["post-11803","post","type-post","status-publish","format-standard","hentry","category-general","category-portada"],"post_mailing_queue_ids":[],"_links":{"self":[{"href":"https:\/\/agora.xtec.cat\/escoladelparc\/wp-json\/wp\/v2\/posts\/11803","targetHints":{"allow":["GET"]}}],"collection":[{"href":"https:\/\/agora.xtec.cat\/escoladelparc\/wp-json\/wp\/v2\/posts"}],"about":[{"href":"https:\/\/agora.xtec.cat\/escoladelparc\/wp-json\/wp\/v2\/types\/post"}],"author":[{"embeddable":true,"href":"https:\/\/agora.xtec.cat\/escoladelparc\/wp-json\/wp\/v2\/users\/34"}],"replies":[{"embeddable":true,"href":"https:\/\/agora.xtec.cat\/escoladelparc\/wp-json\/wp\/v2\/comments?post=11803"}],"version-history":[{"count":3,"href":"https:\/\/agora.xtec.cat\/escoladelparc\/wp-json\/wp\/v2\/posts\/11803\/revisions"}],"predecessor-version":[{"id":11811,"href":"https:\/\/agora.xtec.cat\/escoladelparc\/wp-json\/wp\/v2\/posts\/11803\/revisions\/11811"}],"wp:attachment":[{"href":"https:\/\/agora.xtec.cat\/escoladelparc\/wp-json\/wp\/v2\/media?parent=11803"}],"wp:term":[{"taxonomy":"category","embeddable":true,"href":"https:\/\/agora.xtec.cat\/escoladelparc\/wp-json\/wp\/v2\/categories?post=11803"},{"taxonomy":"post_tag","embeddable":true,"href":"https:\/\/agora.xtec.cat\/escoladelparc\/wp-json\/wp\/v2\/tags?post=11803"}],"curies":[{"name":"wp","href":"https:\/\/api.w.org\/{rel}","templated":true}]}}