{"id":11583,"date":"2022-02-19T09:37:46","date_gmt":"2022-02-19T08:37:46","guid":{"rendered":"https:\/\/agora.xtec.cat\/escoladelparc\/?p=11583"},"modified":"2022-02-19T09:41:03","modified_gmt":"2022-02-19T08:41:03","slug":"un-viatge-a-argentina-i-colombia","status":"publish","type":"post","link":"https:\/\/agora.xtec.cat\/escoladelparc\/general\/un-viatge-a-argentina-i-colombia\/","title":{"rendered":"Un viatge a Argentina i Col\u00f2mbia"},"content":{"rendered":"<p><a href=\"https:\/\/agora.xtec.cat\/escoladelparc\/wp-content\/uploads\/usu440\/2022\/02\/Welcome-to.png\"><img loading=\"lazy\" decoding=\"async\" class=\"alignnone size-large wp-image-11584\" src=\"https:\/\/agora.xtec.cat\/escoladelparc\/wp-content\/uploads\/usu440\/2022\/02\/Welcome-to-1024x256.png\" alt=\"\" width=\"1024\" height=\"256\" srcset=\"https:\/\/agora.xtec.cat\/escoladelparc\/wp-content\/uploads\/usu440\/2022\/02\/Welcome-to-1024x256.png 1024w, https:\/\/agora.xtec.cat\/escoladelparc\/wp-content\/uploads\/usu440\/2022\/02\/Welcome-to-300x75.png 300w, https:\/\/agora.xtec.cat\/escoladelparc\/wp-content\/uploads\/usu440\/2022\/02\/Welcome-to-768x192.png 768w, https:\/\/agora.xtec.cat\/escoladelparc\/wp-content\/uploads\/usu440\/2022\/02\/Welcome-to-1536x384.png 1536w, https:\/\/agora.xtec.cat\/escoladelparc\/wp-content\/uploads\/usu440\/2022\/02\/Welcome-to.png 1920w\" sizes=\"auto, (max-width: 1024px) 100vw, 1024px\" \/><\/a><\/p>\n<p>Tot es va iniciar abans de Nadal, on la Mariona i en Tonet ens fan arribar un missatge molt peculiar\u2026. Tots dos eren grans aventurers i coneixien els secrets que amagava cada pa\u00eds del m\u00f3n. Per\u00f2 donat que el m\u00f3n \u00e9s molt gran, ens van escollir junt amb els companys de 4t a triar un pa\u00eds d\u2019un Continent amb molta riquesa cultural. <strong>AM\u00c8RICA!!<\/strong><\/p>\n<p>Va sorgir la primera pregunta, <strong>quins s\u00f3n els pa\u00efsos d\u2019Am\u00e8rica?<\/strong> Vam fer una primera recerca i vam establir un proc\u00e9s de votacions fins al moment de sortir per majoria a 5\u00e8A Argentina i 5\u00e8B Col\u00f2mbia.<\/p>\n<p>Ha estat tota una aventura i ens agradaria poder compartir-vos tots <strong>els records que guardem d\u2019aquests dos pa\u00efsos<\/strong>.<\/p>\n<p>5\u00e8A<\/p>\n<p>https:\/\/youtu.be\/LRIK-yiMKCU<\/p>\n<p>5\u00e8B<\/p>\n<p>https:\/\/youtu.be\/KKrgqkCcDbc<\/p>\n","protected":false},"excerpt":{"rendered":"<p>Tot va comen\u00e7ar amb un missatge molt peculiar&#8230;<\/p>\n","protected":false},"author":56,"featured_media":11587,"comment_status":"open","ping_status":"closed","sticky":false,"template":"","format":"standard","meta":{"_bbp_topic_count":0,"_bbp_reply_count":0,"_bbp_total_topic_count":0,"_bbp_total_reply_count":0,"_bbp_voice_count":0,"_bbp_anonymous_reply_count":0,"_bbp_topic_count_hidden":0,"_bbp_reply_count_hidden":0,"_bbp_forum_subforum_count":0,"site-sidebar-layout":"default","site-content-layout":"","ast-site-content-layout":"","site-content-style":"default","site-sidebar-style":"default","ast-global-header-display":"","ast-banner-title-visibility":"","ast-main-header-display":"","ast-hfb-above-header-display":"","ast-hfb-below-header-display":"","ast-hfb-mobile-header-display":"","site-post-title":"","ast-breadcrumbs-content":"","ast-featured-img":"","footer-sml-layout":"","theme-transparent-header-meta":"","adv-header-id-meta":"","stick-header-meta":"","header-above-stick-meta":"","header-main-stick-meta":"","header-below-stick-meta":"","astra-migrate-meta-layouts":"default","ast-page-background-enabled":"default","ast-page-background-meta":{"desktop":{"background-color":"var(--ast-global-color-4)","background-image":"","background-repeat":"repeat","background-position":"center center","background-size":"auto","background-attachment":"scroll","background-type":"","background-media":"","overlay-type":"","overlay-color":"","overlay-opacity":"","overlay-gradient":""},"tablet":{"background-color":"","background-image":"","background-repeat":"repeat","background-position":"center center","background-size":"auto","background-attachment":"scroll","background-type":"","background-media":"","overlay-type":"","overlay-color":"","overlay-opacity":"","overlay-gradient":""},"mobile":{"background-color":"","background-image":"","background-repeat":"repeat","background-position":"center center","background-size":"auto","background-attachment":"scroll","background-type":"","background-media":"","overlay-type":"","overlay-color":"","overlay-opacity":"","overlay-gradient":""}},"ast-content-background-meta":{"desktop":{"background-color":"var(--ast-global-color-5)","background-image":"","background-repeat":"repeat","background-position":"center center","background-size":"auto","background-attachment":"scroll","background-type":"","background-media":"","overlay-type":"","overlay-color":"","overlay-opacity":"","overlay-gradient":""},"tablet":{"background-color":"var(--ast-global-color-5)","background-image":"","background-repeat":"repeat","background-position":"center center","background-size":"auto","background-attachment":"scroll","background-type":"","background-media":"","overlay-type":"","overlay-color":"","overlay-opacity":"","overlay-gradient":""},"mobile":{"background-color":"var(--ast-global-color-5)","background-image":"","background-repeat":"repeat","background-position":"center center","background-size":"auto","background-attachment":"scroll","background-type":"","background-media":"","overlay-type":"","overlay-color":"","overlay-opacity":"","overlay-gradient":""}},"footnotes":""},"categories":[48,34,1,4,83],"tags":[],"class_list":["post-11583","post","type-post","status-publish","format-standard","has-post-thumbnail","hentry","category-ala","category-cs","category-general","category-portada","category-setmana-cultural"],"post_mailing_queue_ids":[],"_links":{"self":[{"href":"https:\/\/agora.xtec.cat\/escoladelparc\/wp-json\/wp\/v2\/posts\/11583","targetHints":{"allow":["GET"]}}],"collection":[{"href":"https:\/\/agora.xtec.cat\/escoladelparc\/wp-json\/wp\/v2\/posts"}],"about":[{"href":"https:\/\/agora.xtec.cat\/escoladelparc\/wp-json\/wp\/v2\/types\/post"}],"author":[{"embeddable":true,"href":"https:\/\/agora.xtec.cat\/escoladelparc\/wp-json\/wp\/v2\/users\/56"}],"replies":[{"embeddable":true,"href":"https:\/\/agora.xtec.cat\/escoladelparc\/wp-json\/wp\/v2\/comments?post=11583"}],"version-history":[{"count":2,"href":"https:\/\/agora.xtec.cat\/escoladelparc\/wp-json\/wp\/v2\/posts\/11583\/revisions"}],"predecessor-version":[{"id":11586,"href":"https:\/\/agora.xtec.cat\/escoladelparc\/wp-json\/wp\/v2\/posts\/11583\/revisions\/11586"}],"wp:featuredmedia":[{"embeddable":true,"href":"https:\/\/agora.xtec.cat\/escoladelparc\/wp-json\/wp\/v2\/media\/11587"}],"wp:attachment":[{"href":"https:\/\/agora.xtec.cat\/escoladelparc\/wp-json\/wp\/v2\/media?parent=11583"}],"wp:term":[{"taxonomy":"category","embeddable":true,"href":"https:\/\/agora.xtec.cat\/escoladelparc\/wp-json\/wp\/v2\/categories?post=11583"},{"taxonomy":"post_tag","embeddable":true,"href":"https:\/\/agora.xtec.cat\/escoladelparc\/wp-json\/wp\/v2\/tags?post=11583"}],"curies":[{"name":"wp","href":"https:\/\/api.w.org\/{rel}","templated":true}]}}