{"id":10748,"date":"2021-03-30T18:09:06","date_gmt":"2021-03-30T16:09:06","guid":{"rendered":"http:\/\/agora.xtec.cat\/escoladelparc\/?p=10748"},"modified":"2021-03-30T18:09:06","modified_gmt":"2021-03-30T16:09:06","slug":"activitat-a-lartesa-de-4t-carboni-14","status":"publish","type":"post","link":"https:\/\/agora.xtec.cat\/escoladelparc\/general\/activitat-a-lartesa-de-4t-carboni-14\/","title":{"rendered":"Activitat a l&#8217;Artes\u00e0 de 4t- Carboni 14"},"content":{"rendered":"<p>Fa uns dies, els nens i nenes de les classes de 4t vam anar a l&#8217;Artes\u00e0 a realitzar una activitat art\u00edstica molt interessant. Per comen\u00e7ar, vam entrar a la sala petita i all\u00e0 ens esperaven l&#8217;I\u00f1aki i l&#8217;Ariadna amb un munt d&#8217;objectes escampats per l&#8217;espai. Hi havia objectes de tot tipus i cadascun de nosaltres va haver d&#8217;escollir un. Despr\u00e8s, en grups, vam crear petites representacions on apareixien els objectes escollits.<\/p>\n<p>L&#8217;activitat en va agradar molt i vam gaudir molt improvitzant i creant.<\/p>\n<p>A continuaci\u00f3 teniu algunes fotografies de l&#8217;activitat i les gravacions de les nostres creacions. Esperem que us agradin!!!<\/p>\n<p><a href=\"https:\/\/photos.google.com\/album\/AF1QipPAgKI1hLk3hoRY1gKzlXp476rf_VImGqtnXvzA\">https:\/\/photos.google.com\/album\/AF1QipPAgKI1hLk3hoRY1gKzlXp476rf_VImGqtnXvzA<\/a><\/p>\n<p>&nbsp;<\/p>\n<p><a href=\"https:\/\/youtu.be\/DHjei_6nzjM\">https:\/\/youtu.be\/DHjei_6nzjM<\/a><\/p>\n<p><a href=\"https:\/\/youtu.be\/mdl2lLS6fhM\">https:\/\/youtu.be\/mdl2lLS6fhM<\/a><\/p>\n<p><a href=\"https:\/\/youtu.be\/GcWhuFZMtaQ\">https:\/\/youtu.be\/GcWhuFZMtaQ<\/a><\/p>\n<p><a href=\"https:\/\/youtu.be\/M04knqRtTyE\">https:\/\/youtu.be\/M04knqRtTyE<\/a><\/p>\n<p><a href=\"https:\/\/youtu.be\/b1_1ik7EOxo\">https:\/\/youtu.be\/b1_1ik7EOxo<\/a><\/p>\n<p>https:\/\/youtu.be\/7_Ufr2nzP40<\/p>\n<p>https:\/\/youtu.be\/NiR30IouzXA<\/p>\n<p>https:\/\/youtu.be\/V_CwvAM6iSc<\/p>\n<p>https:\/\/youtu.be\/wOjBaVZJ1lY<\/p>\n<p>https:\/\/youtu.be\/0E09P1agTnU<\/p>\n","protected":false},"excerpt":{"rendered":"<p>Fa uns dies, els nens i nenes de les classes de 4t vam anar a l&#8217;Artes\u00e0 a realitzar una activitat art\u00edstica molt interessant. Per comen\u00e7ar, vam entrar a la sala petita i all\u00e0 ens esperaven l&#8217;I\u00f1aki i l&#8217;Ariadna amb un munt d&#8217;objectes escampats per l&#8217;espai. Hi havia objectes de tot tipus i cadascun de nosaltres [&hellip;]<\/p>\n","protected":false},"author":20,"featured_media":0,"comment_status":"open","ping_status":"closed","sticky":false,"template":"","format":"standard","meta":{"_bbp_topic_count":0,"_bbp_reply_count":0,"_bbp_total_topic_count":0,"_bbp_total_reply_count":0,"_bbp_voice_count":0,"_bbp_anonymous_reply_count":0,"_bbp_topic_count_hidden":0,"_bbp_reply_count_hidden":0,"_bbp_forum_subforum_count":0,"site-sidebar-layout":"default","site-content-layout":"","ast-site-content-layout":"","site-content-style":"default","site-sidebar-style":"default","ast-global-header-display":"","ast-banner-title-visibility":"","ast-main-header-display":"","ast-hfb-above-header-display":"","ast-hfb-below-header-display":"","ast-hfb-mobile-header-display":"","site-post-title":"","ast-breadcrumbs-content":"","ast-featured-img":"","footer-sml-layout":"","theme-transparent-header-meta":"","adv-header-id-meta":"","stick-header-meta":"","header-above-stick-meta":"","header-main-stick-meta":"","header-below-stick-meta":"","astra-migrate-meta-layouts":"default","ast-page-background-enabled":"default","ast-page-background-meta":{"desktop":{"background-color":"var(--ast-global-color-4)","background-image":"","background-repeat":"repeat","background-position":"center center","background-size":"auto","background-attachment":"scroll","background-type":"","background-media":"","overlay-type":"","overlay-color":"","overlay-opacity":"","overlay-gradient":""},"tablet":{"background-color":"","background-image":"","background-repeat":"repeat","background-position":"center center","background-size":"auto","background-attachment":"scroll","background-type":"","background-media":"","overlay-type":"","overlay-color":"","overlay-opacity":"","overlay-gradient":""},"mobile":{"background-color":"","background-image":"","background-repeat":"repeat","background-position":"center center","background-size":"auto","background-attachment":"scroll","background-type":"","background-media":"","overlay-type":"","overlay-color":"","overlay-opacity":"","overlay-gradient":""}},"ast-content-background-meta":{"desktop":{"background-color":"var(--ast-global-color-5)","background-image":"","background-repeat":"repeat","background-position":"center center","background-size":"auto","background-attachment":"scroll","background-type":"","background-media":"","overlay-type":"","overlay-color":"","overlay-opacity":"","overlay-gradient":""},"tablet":{"background-color":"var(--ast-global-color-5)","background-image":"","background-repeat":"repeat","background-position":"center center","background-size":"auto","background-attachment":"scroll","background-type":"","background-media":"","overlay-type":"","overlay-color":"","overlay-opacity":"","overlay-gradient":""},"mobile":{"background-color":"var(--ast-global-color-5)","background-image":"","background-repeat":"repeat","background-position":"center center","background-size":"auto","background-attachment":"scroll","background-type":"","background-media":"","overlay-type":"","overlay-color":"","overlay-opacity":"","overlay-gradient":""}},"footnotes":""},"categories":[34,1,4],"tags":[],"class_list":["post-10748","post","type-post","status-publish","format-standard","hentry","category-cs","category-general","category-portada"],"post_mailing_queue_ids":[],"_links":{"self":[{"href":"https:\/\/agora.xtec.cat\/escoladelparc\/wp-json\/wp\/v2\/posts\/10748","targetHints":{"allow":["GET"]}}],"collection":[{"href":"https:\/\/agora.xtec.cat\/escoladelparc\/wp-json\/wp\/v2\/posts"}],"about":[{"href":"https:\/\/agora.xtec.cat\/escoladelparc\/wp-json\/wp\/v2\/types\/post"}],"author":[{"embeddable":true,"href":"https:\/\/agora.xtec.cat\/escoladelparc\/wp-json\/wp\/v2\/users\/20"}],"replies":[{"embeddable":true,"href":"https:\/\/agora.xtec.cat\/escoladelparc\/wp-json\/wp\/v2\/comments?post=10748"}],"version-history":[{"count":3,"href":"https:\/\/agora.xtec.cat\/escoladelparc\/wp-json\/wp\/v2\/posts\/10748\/revisions"}],"predecessor-version":[{"id":10754,"href":"https:\/\/agora.xtec.cat\/escoladelparc\/wp-json\/wp\/v2\/posts\/10748\/revisions\/10754"}],"wp:attachment":[{"href":"https:\/\/agora.xtec.cat\/escoladelparc\/wp-json\/wp\/v2\/media?parent=10748"}],"wp:term":[{"taxonomy":"category","embeddable":true,"href":"https:\/\/agora.xtec.cat\/escoladelparc\/wp-json\/wp\/v2\/categories?post=10748"},{"taxonomy":"post_tag","embeddable":true,"href":"https:\/\/agora.xtec.cat\/escoladelparc\/wp-json\/wp\/v2\/tags?post=10748"}],"curies":[{"name":"wp","href":"https:\/\/api.w.org\/{rel}","templated":true}]}}