{"id":19851,"date":"2026-04-29T17:33:51","date_gmt":"2026-04-29T15:33:51","guid":{"rendered":"https:\/\/agora.xtec.cat\/escolacongost\/?p=19851"},"modified":"2026-04-29T17:36:10","modified_gmt":"2026-04-29T15:36:10","slug":"i5_dites-de-marc-i-abril","status":"publish","type":"post","link":"https:\/\/agora.xtec.cat\/escolacongost\/portada\/petits\/i5_dites-de-marc-i-abril\/","title":{"rendered":"I5_DITES DE MAR\u00c7 I ABRIL"},"content":{"rendered":"<p>Aqu\u00ed teniu les dites que els alumnes d&#8217;I5 han apr\u00e8s al mes de ma\u00e7 i al mes d&#8217;abril.<\/p>\n<!--[if lt IE 9]><script>document.createElement('audio');<\/script><![endif]-->\n<audio class=\"wp-audio-shortcode\" id=\"audio-19851-1\" preload=\"none\" style=\"width: 100%;\" controls=\"controls\"><source type=\"audio\/mpeg\" src=\"https:\/\/agora.xtec.cat\/escolacongost\/wp-content\/uploads\/usu96\/2026\/04\/dita-marc.mp3?_=1\" \/><a href=\"https:\/\/agora.xtec.cat\/escolacongost\/wp-content\/uploads\/usu96\/2026\/04\/dita-marc.mp3\">https:\/\/agora.xtec.cat\/escolacongost\/wp-content\/uploads\/usu96\/2026\/04\/dita-marc.mp3<\/a><\/audio>\n<audio class=\"wp-audio-shortcode\" id=\"audio-19851-2\" preload=\"none\" style=\"width: 100%;\" controls=\"controls\"><source type=\"audio\/mpeg\" src=\"https:\/\/agora.xtec.cat\/escolacongost\/wp-content\/uploads\/usu96\/2026\/04\/dita-abril.mp3?_=2\" \/><a href=\"https:\/\/agora.xtec.cat\/escolacongost\/wp-content\/uploads\/usu96\/2026\/04\/dita-abril.mp3\">https:\/\/agora.xtec.cat\/escolacongost\/wp-content\/uploads\/usu96\/2026\/04\/dita-abril.mp3<\/a><\/audio>\n<p><a href=\"https:\/\/agora.xtec.cat\/escolacongost\/wp-content\/uploads\/usu96\/2026\/04\/1000066122-scaled.jpg\"><img loading=\"lazy\" decoding=\"async\" class=\"aligncenter size-large wp-image-19854\" src=\"https:\/\/agora.xtec.cat\/escolacongost\/wp-content\/uploads\/usu96\/2026\/04\/1000066122-1024x461.jpg\" alt=\"\" width=\"1024\" height=\"461\" srcset=\"https:\/\/agora.xtec.cat\/escolacongost\/wp-content\/uploads\/usu96\/2026\/04\/1000066122-1024x461.jpg 1024w, https:\/\/agora.xtec.cat\/escolacongost\/wp-content\/uploads\/usu96\/2026\/04\/1000066122-300x135.jpg 300w, https:\/\/agora.xtec.cat\/escolacongost\/wp-content\/uploads\/usu96\/2026\/04\/1000066122-768x346.jpg 768w, https:\/\/agora.xtec.cat\/escolacongost\/wp-content\/uploads\/usu96\/2026\/04\/1000066122-1536x691.jpg 1536w, https:\/\/agora.xtec.cat\/escolacongost\/wp-content\/uploads\/usu96\/2026\/04\/1000066122-2048x922.jpg 2048w\" sizes=\"auto, (max-width: 1024px) 100vw, 1024px\" \/><\/a> <a href=\"https:\/\/agora.xtec.cat\/escolacongost\/wp-content\/uploads\/usu96\/2026\/04\/20260429_164218-scaled.jpg\"><img loading=\"lazy\" decoding=\"async\" class=\"aligncenter size-large wp-image-19855\" src=\"https:\/\/agora.xtec.cat\/escolacongost\/wp-content\/uploads\/usu96\/2026\/04\/20260429_164218-1024x461.jpg\" alt=\"\" width=\"1024\" height=\"461\" srcset=\"https:\/\/agora.xtec.cat\/escolacongost\/wp-content\/uploads\/usu96\/2026\/04\/20260429_164218-1024x461.jpg 1024w, https:\/\/agora.xtec.cat\/escolacongost\/wp-content\/uploads\/usu96\/2026\/04\/20260429_164218-300x135.jpg 300w, https:\/\/agora.xtec.cat\/escolacongost\/wp-content\/uploads\/usu96\/2026\/04\/20260429_164218-768x346.jpg 768w, https:\/\/agora.xtec.cat\/escolacongost\/wp-content\/uploads\/usu96\/2026\/04\/20260429_164218-1536x691.jpg 1536w, https:\/\/agora.xtec.cat\/escolacongost\/wp-content\/uploads\/usu96\/2026\/04\/20260429_164218-2048x922.jpg 2048w\" sizes=\"auto, (max-width: 1024px) 100vw, 1024px\" \/><\/a><\/p>\n","protected":false},"excerpt":{"rendered":"<p>Aqu\u00ed teniu les dites que els alumnes d&#8217;I5 han apr\u00e8s al mes de ma\u00e7 i al mes d&#8217;abril.<br \/>\n<a href=\"https:\/\/agora.xtec.cat\/escolacongost\/wp-content\/uploads\/usu96\/2026\/04\/dita-marc.mp3\">https:\/\/agora.xtec.cat\/escolacongost\/wp-content\/uploads\/usu96\/2026\/04\/dita-marc.mp3<\/a><br \/>\n<a href=\"https:\/\/agora.xtec.cat\/escolacongost\/wp-content\/uploads\/usu96\/2026\/04\/dita-abril.mp3\">https:\/\/agora.xtec.cat\/escolacongost\/wp-content\/uploads\/usu96\/2026\/04\/dita-abril.mp3<\/a><br \/>\n<a href=\"https:\/\/agora.xtec.cat\/escolacongost\/wp-content\/uploads\/usu96\/2026\/04\/1000066122-scaled.jpg\"><\/a> <a href=\"https:\/\/agora.xtec.cat\/escolacongost\/wp-content\/uploads\/usu96\/2026\/04\/20260429_164218-scaled.jpg\"><\/a><\/p>\n","protected":false},"author":1,"featured_media":19855,"comment_status":"open","ping_status":"open","sticky":false,"template":"","format":"standard","meta":{"_bbp_topic_count":0,"_bbp_reply_count":0,"_bbp_total_topic_count":0,"_bbp_total_reply_count":0,"_bbp_voice_count":0,"_bbp_anonymous_reply_count":0,"_bbp_topic_count_hidden":0,"_bbp_reply_count_hidden":0,"_bbp_forum_subforum_count":0,"footnotes":""},"categories":[2,8,173,4],"tags":[646,530],"class_list":["post-19851","post","type-post","status-publish","format-standard","has-post-thumbnail","hentry","category-petits","category-i5-a","category-i5-b","category-portada","tag-646","tag-radio-congost"],"post_mailing_queue_ids":[],"_links":{"self":[{"href":"https:\/\/agora.xtec.cat\/escolacongost\/wp-json\/wp\/v2\/posts\/19851","targetHints":{"allow":["GET"]}}],"collection":[{"href":"https:\/\/agora.xtec.cat\/escolacongost\/wp-json\/wp\/v2\/posts"}],"about":[{"href":"https:\/\/agora.xtec.cat\/escolacongost\/wp-json\/wp\/v2\/types\/post"}],"author":[{"embeddable":true,"href":"https:\/\/agora.xtec.cat\/escolacongost\/wp-json\/wp\/v2\/users\/1"}],"replies":[{"embeddable":true,"href":"https:\/\/agora.xtec.cat\/escolacongost\/wp-json\/wp\/v2\/comments?post=19851"}],"version-history":[{"count":2,"href":"https:\/\/agora.xtec.cat\/escolacongost\/wp-json\/wp\/v2\/posts\/19851\/revisions"}],"predecessor-version":[{"id":19857,"href":"https:\/\/agora.xtec.cat\/escolacongost\/wp-json\/wp\/v2\/posts\/19851\/revisions\/19857"}],"wp:featuredmedia":[{"embeddable":true,"href":"https:\/\/agora.xtec.cat\/escolacongost\/wp-json\/wp\/v2\/media\/19855"}],"wp:attachment":[{"href":"https:\/\/agora.xtec.cat\/escolacongost\/wp-json\/wp\/v2\/media?parent=19851"}],"wp:term":[{"taxonomy":"category","embeddable":true,"href":"https:\/\/agora.xtec.cat\/escolacongost\/wp-json\/wp\/v2\/categories?post=19851"},{"taxonomy":"post_tag","embeddable":true,"href":"https:\/\/agora.xtec.cat\/escolacongost\/wp-json\/wp\/v2\/tags?post=19851"}],"curies":[{"name":"wp","href":"https:\/\/api.w.org\/{rel}","templated":true}]}}