{"id":18079,"date":"2024-02-13T08:29:22","date_gmt":"2024-02-13T07:29:22","guid":{"rendered":"https:\/\/agora.xtec.cat\/escolacongost\/?p=18079"},"modified":"2024-02-13T11:43:54","modified_gmt":"2024-02-13T10:43:54","slug":"el-carnaval-al-cicle-de-petits","status":"publish","type":"post","link":"https:\/\/agora.xtec.cat\/escolacongost\/portada\/petits\/el-carnaval-al-cicle-de-petits\/","title":{"rendered":"EL CARNAVAL AL CICLE DE PETITS"},"content":{"rendered":"<p>&nbsp;<\/p>\n<p>Durant la setmana passada vam celebrar la festa de <strong>CARNESTOLTES<\/strong>!!\u00a0 \u00a0 \u00a0 \u00a0 \u00a0 \u00a0<a href=\"https:\/\/agora.xtec.cat\/escolacongost\/wp-content\/uploads\/usu96\/2024\/02\/barret.jpg\"><img loading=\"lazy\" decoding=\"async\" class=\"alignnone wp-image-18080\" src=\"https:\/\/agora.xtec.cat\/escolacongost\/wp-content\/uploads\/usu96\/2024\/02\/barret-300x243.jpg\" alt=\"\" width=\"119\" height=\"96\" srcset=\"https:\/\/agora.xtec.cat\/escolacongost\/wp-content\/uploads\/usu96\/2024\/02\/barret-300x243.jpg 300w, https:\/\/agora.xtec.cat\/escolacongost\/wp-content\/uploads\/usu96\/2024\/02\/barret.jpg 571w\" sizes=\"auto, (max-width: 119px) 100vw, 119px\" \/><\/a><\/p>\n<p>El rei Carnestoltes ens va dir que cada dia hav\u00edem de portar una cosa diferent, un dia venir a l\u2019escola amb pijama, un altre dia amb un pentinat divertit&#8230; I el divendres va ser el gran dia! Pel mat\u00ed, ens vam disfressar amb la disfressa que hav\u00edem fet del nom de la classe: Abelles, Formigues, Papallones, Marietes i Aranyes. I per la tarda, pod\u00edem venir disfressats com volgu\u00e9ssim. A m\u00e9s a m\u00e9s, tamb\u00e9 hem fet diferents activitats al voltant d\u2019aquesta festa! Ens ho hem passat d\u2019all\u00f2 m\u00e9s b\u00e9. Mireu les fotos.<\/p>\n<p><a href=\"https:\/\/photos.app.goo.gl\/yiy9WfjtmTKQeBMG7\">ABELLES<\/a><\/p>\n<p><a href=\"https:\/\/photos.app.goo.gl\/x4q4gJgoQcR65JHv9\">FORMIGUES<\/a><\/p>\n<p><a href=\"https:\/\/photos.app.goo.gl\/u1nV9NdgpokZvkS66\">PAPALLONES<\/a><\/p>\n<p><a href=\"https:\/\/photos.app.goo.gl\/3CoMt6umyb9eUbEN6\">MARIETES<\/a><\/p>\n<p><a href=\"https:\/\/photos.app.goo.gl\/yC5Sfg6T22v8zeWs9\">ARANYES<\/a><\/p>\n","protected":false},"excerpt":{"rendered":"<p>&nbsp; Durant la setmana passada vam celebrar la festa de CARNESTOLTES!!\u00a0 \u00a0 \u00a0 \u00a0 \u00a0 \u00a0 El rei Carnestoltes ens va dir que cada dia hav\u00edem de portar una cosa diferent, un dia venir a l\u2019escola amb pijama, un altre dia amb un pentinat divertit&#8230; I el divendres va ser el gran dia! Pel mat\u00ed, [&hellip;]<\/p>\n","protected":false},"author":25,"featured_media":18082,"comment_status":"open","ping_status":"closed","sticky":false,"template":"","format":"standard","meta":{"_bbp_topic_count":0,"_bbp_reply_count":0,"_bbp_total_topic_count":0,"_bbp_total_reply_count":0,"_bbp_voice_count":0,"_bbp_anonymous_reply_count":0,"_bbp_topic_count_hidden":0,"_bbp_reply_count_hidden":0,"_bbp_forum_subforum_count":0,"site-sidebar-layout":"default","site-content-layout":"","ast-site-content-layout":"","site-content-style":"default","site-sidebar-style":"default","ast-global-header-display":"","ast-banner-title-visibility":"","ast-main-header-display":"","ast-hfb-above-header-display":"","ast-hfb-below-header-display":"","ast-hfb-mobile-header-display":"","site-post-title":"","ast-breadcrumbs-content":"","ast-featured-img":"","footer-sml-layout":"","theme-transparent-header-meta":"","adv-header-id-meta":"","stick-header-meta":"","header-above-stick-meta":"","header-main-stick-meta":"","header-below-stick-meta":"","astra-migrate-meta-layouts":"default","ast-page-background-enabled":"default","ast-page-background-meta":{"desktop":{"background-color":"var(--ast-global-color-4)","background-image":"","background-repeat":"repeat","background-position":"center center","background-size":"auto","background-attachment":"scroll","background-type":"","background-media":"","overlay-type":"","overlay-color":"","overlay-opacity":"","overlay-gradient":""},"tablet":{"background-color":"","background-image":"","background-repeat":"repeat","background-position":"center center","background-size":"auto","background-attachment":"scroll","background-type":"","background-media":"","overlay-type":"","overlay-color":"","overlay-opacity":"","overlay-gradient":""},"mobile":{"background-color":"","background-image":"","background-repeat":"repeat","background-position":"center center","background-size":"auto","background-attachment":"scroll","background-type":"","background-media":"","overlay-type":"","overlay-color":"","overlay-opacity":"","overlay-gradient":""}},"ast-content-background-meta":{"desktop":{"background-color":"var(--ast-global-color-5)","background-image":"","background-repeat":"repeat","background-position":"center center","background-size":"auto","background-attachment":"scroll","background-type":"","background-media":"","overlay-type":"","overlay-color":"","overlay-opacity":"","overlay-gradient":""},"tablet":{"background-color":"var(--ast-global-color-5)","background-image":"","background-repeat":"repeat","background-position":"center center","background-size":"auto","background-attachment":"scroll","background-type":"","background-media":"","overlay-type":"","overlay-color":"","overlay-opacity":"","overlay-gradient":""},"mobile":{"background-color":"var(--ast-global-color-5)","background-image":"","background-repeat":"repeat","background-position":"center center","background-size":"auto","background-attachment":"scroll","background-type":"","background-media":"","overlay-type":"","overlay-color":"","overlay-opacity":"","overlay-gradient":""}},"footnotes":""},"categories":[2,369,370,172,3,8,4],"tags":[581,413,66,154,153,136],"class_list":["post-18079","post","type-post","status-publish","format-standard","has-post-thumbnail","hentry","category-petits","category-i3-a","category-i3-b","category-i4-a","category-i4-b","category-i5-a","category-portada","tag-581","tag-carnestoltes","tag-cicle-petits","tag-p3","tag-p4","tag-p5"],"post_mailing_queue_ids":[],"_links":{"self":[{"href":"https:\/\/agora.xtec.cat\/escolacongost\/wp-json\/wp\/v2\/posts\/18079","targetHints":{"allow":["GET"]}}],"collection":[{"href":"https:\/\/agora.xtec.cat\/escolacongost\/wp-json\/wp\/v2\/posts"}],"about":[{"href":"https:\/\/agora.xtec.cat\/escolacongost\/wp-json\/wp\/v2\/types\/post"}],"author":[{"embeddable":true,"href":"https:\/\/agora.xtec.cat\/escolacongost\/wp-json\/wp\/v2\/users\/25"}],"replies":[{"embeddable":true,"href":"https:\/\/agora.xtec.cat\/escolacongost\/wp-json\/wp\/v2\/comments?post=18079"}],"version-history":[{"count":1,"href":"https:\/\/agora.xtec.cat\/escolacongost\/wp-json\/wp\/v2\/posts\/18079\/revisions"}],"predecessor-version":[{"id":18081,"href":"https:\/\/agora.xtec.cat\/escolacongost\/wp-json\/wp\/v2\/posts\/18079\/revisions\/18081"}],"wp:featuredmedia":[{"embeddable":true,"href":"https:\/\/agora.xtec.cat\/escolacongost\/wp-json\/wp\/v2\/media\/18082"}],"wp:attachment":[{"href":"https:\/\/agora.xtec.cat\/escolacongost\/wp-json\/wp\/v2\/media?parent=18079"}],"wp:term":[{"taxonomy":"category","embeddable":true,"href":"https:\/\/agora.xtec.cat\/escolacongost\/wp-json\/wp\/v2\/categories?post=18079"},{"taxonomy":"post_tag","embeddable":true,"href":"https:\/\/agora.xtec.cat\/escolacongost\/wp-json\/wp\/v2\/tags?post=18079"}],"curies":[{"name":"wp","href":"https:\/\/api.w.org\/{rel}","templated":true}]}}