{"id":17755,"date":"2023-11-17T09:23:10","date_gmt":"2023-11-17T08:23:10","guid":{"rendered":"https:\/\/agora.xtec.cat\/escolacongost\/?p=17755"},"modified":"2023-11-17T09:23:10","modified_gmt":"2023-11-17T08:23:10","slug":"3r-va-de-musica-projecte-ukeleles","status":"publish","type":"post","link":"https:\/\/agora.xtec.cat\/escolacongost\/portada\/3r-va-de-musica-projecte-ukeleles\/","title":{"rendered":"3r. VA DE M\u00daSICA. PROJECTE UKELELES"},"content":{"rendered":"<p>L&#8217;alumnat de 3r ha comen\u00e7at a treballar amb els ukeleles a la classe de m\u00fasica.<\/p>\n<p>La pr\u00e0ctica d&#8217;aquest nou instrument comporta tot un seguit d&#8217;avantatges per a l&#8217;alumnat, com afavorir la coordinaci\u00f3 entre el cos i la ment, la simultane\u00eftat d\u2019accions com tocar, cantar i ballar alhora i estimular la mem\u00f2ria visual, gestual i auditiva.\u00a0 Amb la seva pr\u00e0ctica es realitza un entrenament de l\u2019o\u00efda, permet improvisar i crear, afavoreix el sentiment de pertinen\u00e7a en el grup, posa \u00e8mfasi en el valor dels petits progressos, en la responsabilitat, en l\u2019ajuda m\u00fatua, en l\u2019atenci\u00f3 a la diversitat\u2026<\/p>\n<p>Aqu\u00ed teniu un petit tastet de les sessions amb l&#8217;ukelele.<\/p>\n<p><em>Clica la imatge per veure les fotos.<\/em><\/p>\n<p><a href=\"https:\/\/photos.app.goo.gl\/mr7dvMnXH2FCy1Rq5\"><img loading=\"lazy\" decoding=\"async\" class=\"alignleft wp-image-17756\" src=\"https:\/\/agora.xtec.cat\/escolacongost\/wp-content\/uploads\/usu96\/2023\/11\/Capturaukelele-185x300.png\" alt=\"CLICA LA IMATGE PER VEURE LES FOTOS. \" width=\"74\" height=\"120\" srcset=\"https:\/\/agora.xtec.cat\/escolacongost\/wp-content\/uploads\/usu96\/2023\/11\/Capturaukelele-185x300.png 185w, https:\/\/agora.xtec.cat\/escolacongost\/wp-content\/uploads\/usu96\/2023\/11\/Capturaukelele.png 284w\" sizes=\"auto, (max-width: 74px) 100vw, 74px\" \/><\/a><\/p>\n","protected":false},"excerpt":{"rendered":"<p>L&#8217;alumnat de 3r ha comen\u00e7at a treballar amb els ukeleles a la classe de m\u00fasica. La pr\u00e0ctica d&#8217;aquest nou instrument comporta tot un seguit d&#8217;avantatges per a l&#8217;alumnat, com afavorir la coordinaci\u00f3 entre el cos i la ment, la simultane\u00eftat d\u2019accions com tocar, cantar i ballar alhora i estimular la mem\u00f2ria visual, gestual i auditiva.\u00a0 [&hellip;]<\/p>\n","protected":false},"author":25,"featured_media":17759,"comment_status":"open","ping_status":"closed","sticky":false,"template":"","format":"standard","meta":{"_bbp_topic_count":0,"_bbp_reply_count":0,"_bbp_total_topic_count":0,"_bbp_total_reply_count":0,"_bbp_voice_count":0,"_bbp_anonymous_reply_count":0,"_bbp_topic_count_hidden":0,"_bbp_reply_count_hidden":0,"_bbp_forum_subforum_count":0,"site-sidebar-layout":"default","site-content-layout":"","ast-site-content-layout":"","site-content-style":"default","site-sidebar-style":"default","ast-global-header-display":"","ast-banner-title-visibility":"","ast-main-header-display":"","ast-hfb-above-header-display":"","ast-hfb-below-header-display":"","ast-hfb-mobile-header-display":"","site-post-title":"","ast-breadcrumbs-content":"","ast-featured-img":"","footer-sml-layout":"","theme-transparent-header-meta":"","adv-header-id-meta":"","stick-header-meta":"","header-above-stick-meta":"","header-main-stick-meta":"","header-below-stick-meta":"","astra-migrate-meta-layouts":"default","ast-page-background-enabled":"default","ast-page-background-meta":{"desktop":{"background-color":"var(--ast-global-color-4)","background-image":"","background-repeat":"repeat","background-position":"center center","background-size":"auto","background-attachment":"scroll","background-type":"","background-media":"","overlay-type":"","overlay-color":"","overlay-opacity":"","overlay-gradient":""},"tablet":{"background-color":"","background-image":"","background-repeat":"repeat","background-position":"center center","background-size":"auto","background-attachment":"scroll","background-type":"","background-media":"","overlay-type":"","overlay-color":"","overlay-opacity":"","overlay-gradient":""},"mobile":{"background-color":"","background-image":"","background-repeat":"repeat","background-position":"center center","background-size":"auto","background-attachment":"scroll","background-type":"","background-media":"","overlay-type":"","overlay-color":"","overlay-opacity":"","overlay-gradient":""}},"ast-content-background-meta":{"desktop":{"background-color":"var(--ast-global-color-5)","background-image":"","background-repeat":"repeat","background-position":"center center","background-size":"auto","background-attachment":"scroll","background-type":"","background-media":"","overlay-type":"","overlay-color":"","overlay-opacity":"","overlay-gradient":""},"tablet":{"background-color":"var(--ast-global-color-5)","background-image":"","background-repeat":"repeat","background-position":"center center","background-size":"auto","background-attachment":"scroll","background-type":"","background-media":"","overlay-type":"","overlay-color":"","overlay-opacity":"","overlay-gradient":""},"mobile":{"background-color":"var(--ast-global-color-5)","background-image":"","background-repeat":"repeat","background-position":"center center","background-size":"auto","background-attachment":"scroll","background-type":"","background-media":"","overlay-type":"","overlay-color":"","overlay-opacity":"","overlay-gradient":""}},"footnotes":""},"categories":[180,11,5,4],"tags":[514,63,64,575,574,449],"class_list":["post-17755","post","type-post","status-publish","format-standard","has-post-thumbnail","hentry","category-3r-a","category-3r-b","category-mitjans","category-portada","tag-514","tag-3r","tag-cicle-mitjans","tag-instruments","tag-ukeleles","tag-va-de-musica"],"post_mailing_queue_ids":[],"_links":{"self":[{"href":"https:\/\/agora.xtec.cat\/escolacongost\/wp-json\/wp\/v2\/posts\/17755","targetHints":{"allow":["GET"]}}],"collection":[{"href":"https:\/\/agora.xtec.cat\/escolacongost\/wp-json\/wp\/v2\/posts"}],"about":[{"href":"https:\/\/agora.xtec.cat\/escolacongost\/wp-json\/wp\/v2\/types\/post"}],"author":[{"embeddable":true,"href":"https:\/\/agora.xtec.cat\/escolacongost\/wp-json\/wp\/v2\/users\/25"}],"replies":[{"embeddable":true,"href":"https:\/\/agora.xtec.cat\/escolacongost\/wp-json\/wp\/v2\/comments?post=17755"}],"version-history":[{"count":2,"href":"https:\/\/agora.xtec.cat\/escolacongost\/wp-json\/wp\/v2\/posts\/17755\/revisions"}],"predecessor-version":[{"id":17758,"href":"https:\/\/agora.xtec.cat\/escolacongost\/wp-json\/wp\/v2\/posts\/17755\/revisions\/17758"}],"wp:featuredmedia":[{"embeddable":true,"href":"https:\/\/agora.xtec.cat\/escolacongost\/wp-json\/wp\/v2\/media\/17759"}],"wp:attachment":[{"href":"https:\/\/agora.xtec.cat\/escolacongost\/wp-json\/wp\/v2\/media?parent=17755"}],"wp:term":[{"taxonomy":"category","embeddable":true,"href":"https:\/\/agora.xtec.cat\/escolacongost\/wp-json\/wp\/v2\/categories?post=17755"},{"taxonomy":"post_tag","embeddable":true,"href":"https:\/\/agora.xtec.cat\/escolacongost\/wp-json\/wp\/v2\/tags?post=17755"}],"curies":[{"name":"wp","href":"https:\/\/api.w.org\/{rel}","templated":true}]}}