{"id":9581,"date":"2015-06-24T14:12:00","date_gmt":"2015-06-24T12:12:00","guid":{"rendered":""},"modified":"2017-11-25T12:51:11","modified_gmt":"2017-11-25T11:51:11","slug":"9581","status":"publish","type":"post","link":"https:\/\/agora.xtec.cat\/escolacollserolacerdanyola\/musica\/9581\/","title":{"rendered":"HIST\u00d2RIA DE LA M\u00daSICA en c\u00f2mic"},"content":{"rendered":"<p><b><span style=\"color: #990000; font-size: large;\">HIST\u00d2RIA DE LA M\u00daSICA<\/span><\/b><\/p>\n<div style=\"text-align: justify;\">Hola nois i noies, aqu\u00ed us deixo aquest c\u00f2mic am\u00e8 i entretingut sobre la hist\u00f2ria de la m\u00fasica. Si podeu dedicar una estona del vostre temps a llegir aquest c\u00f2mic, no us penedireu i, a m\u00e9s a m\u00e9s, estareu afavorint la vostra capacitat lectora.<\/div>\n<div style=\"text-align: justify;\"><\/div>\n<div style=\"text-align: justify;\">D&#8217;aquesta manera, podreu desenvolupar d&#8217;una forma relaxada i l\u00fadica la comprensi\u00f3 dels diferents textos, i sobretot, el gaudi i el gust d&#8217;aquest plaer tan important com ho \u00e9s tamb\u00e9 la m\u00fasica, que \u00e9s la LECTURA.<\/div>\n<div style=\"text-align: justify;\"><\/div>\n<div style=\"text-align: justify;\">Si voleu veure el c\u00f2mic en l\u00ednia, punxa <a href=\"http:\/\/issuu.com\/profesorlesty\/docs\/historia_de_la_musica?mode=embed&amp;layout=http%3A\/\/skin.issuu.com\/v\/light\/layout.xml\">aqu\u00ed<\/a> per\u00f2 si ho voleu descarregar heu de punxar en la imatge.<\/div>\n<div style=\"text-align: justify;\"><\/div>\n<div style=\"text-align: justify;\">A gaudir amb la lectura. \u00c0nim !!!<\/div>\n<div style=\"text-align: justify;\"><\/div>\n<div style=\"clear: both; text-align: center;\"><a href=\"http:\/\/ieslaarboledamusica.weebly.com\/uploads\/1\/0\/9\/6\/10964139\/_comic_sobre_la_historia_de_la_musica.pdf\" target=\"_blank\" rel=\"noopener noreferrer\"><img loading=\"lazy\" decoding=\"async\" src=\"http:\/\/agora.xtec.cat\/escolacollserolacerdanyola\/wp-content\/uploads\/usu1390\/2015\/06\/hist-25C3-25B2ria-2Bde-2Bla-2Bm-25C3-25BAsica-232x300.jpg\" width=\"247\" height=\"320\" border=\"0\" \/><\/a><\/div>\n<div style=\"text-align: justify;\"><\/div>\n","protected":false},"excerpt":{"rendered":"<p>HIST\u00d2RIA DE LA M\u00daSICA<br \/>\nHola nois i noies, aqu\u00ed us deixo aquest c\u00f2mic am\u00e8 i entretingut sobre la hist\u00f2ria de la m\u00fasica. Si podeu dedicar una estona del vostre temps a llegir aquest c\u00f2mic, no us penedireu i, a m\u00e9s a m\u00e9s, estareu afavorint la vostra&hellip;  <a href=\"https:\/\/agora.xtec.cat\/escolacollserolacerdanyola\/musica\/9581\/\" title=\"Read HIST\u00d2RIA DE LA M\u00daSICA en c\u00f2mic\">Llegeix m\u00e9s\u00bb<\/a><\/p>\n","protected":false},"author":13,"featured_media":9622,"comment_status":"open","ping_status":"closed","sticky":false,"template":"","format":"standard","meta":{"_bbp_topic_count":0,"_bbp_reply_count":0,"_bbp_total_topic_count":0,"_bbp_total_reply_count":0,"_bbp_voice_count":0,"_bbp_anonymous_reply_count":0,"_bbp_topic_count_hidden":0,"_bbp_reply_count_hidden":0,"_bbp_forum_subforum_count":0,"footnotes":""},"categories":[267],"tags":[],"class_list":["post-9581","post","type-post","status-publish","format-standard","has-post-thumbnail","hentry","category-musica"],"post_mailing_queue_ids":[],"_links":{"self":[{"href":"https:\/\/agora.xtec.cat\/escolacollserolacerdanyola\/wp-json\/wp\/v2\/posts\/9581","targetHints":{"allow":["GET"]}}],"collection":[{"href":"https:\/\/agora.xtec.cat\/escolacollserolacerdanyola\/wp-json\/wp\/v2\/posts"}],"about":[{"href":"https:\/\/agora.xtec.cat\/escolacollserolacerdanyola\/wp-json\/wp\/v2\/types\/post"}],"author":[{"embeddable":true,"href":"https:\/\/agora.xtec.cat\/escolacollserolacerdanyola\/wp-json\/wp\/v2\/users\/13"}],"replies":[{"embeddable":true,"href":"https:\/\/agora.xtec.cat\/escolacollserolacerdanyola\/wp-json\/wp\/v2\/comments?post=9581"}],"version-history":[{"count":2,"href":"https:\/\/agora.xtec.cat\/escolacollserolacerdanyola\/wp-json\/wp\/v2\/posts\/9581\/revisions"}],"predecessor-version":[{"id":11607,"href":"https:\/\/agora.xtec.cat\/escolacollserolacerdanyola\/wp-json\/wp\/v2\/posts\/9581\/revisions\/11607"}],"wp:featuredmedia":[{"embeddable":true,"href":"https:\/\/agora.xtec.cat\/escolacollserolacerdanyola\/wp-json\/wp\/v2\/media\/9622"}],"wp:attachment":[{"href":"https:\/\/agora.xtec.cat\/escolacollserolacerdanyola\/wp-json\/wp\/v2\/media?parent=9581"}],"wp:term":[{"taxonomy":"category","embeddable":true,"href":"https:\/\/agora.xtec.cat\/escolacollserolacerdanyola\/wp-json\/wp\/v2\/categories?post=9581"},{"taxonomy":"post_tag","embeddable":true,"href":"https:\/\/agora.xtec.cat\/escolacollserolacerdanyola\/wp-json\/wp\/v2\/tags?post=9581"}],"curies":[{"name":"wp","href":"https:\/\/api.w.org\/{rel}","templated":true}]}}