{"id":9572,"date":"2016-04-11T13:40:00","date_gmt":"2016-04-11T11:40:00","guid":{"rendered":""},"modified":"2017-05-13T23:18:38","modified_gmt":"2017-05-13T21:18:38","slug":"concert-de-primavera","status":"publish","type":"post","link":"https:\/\/agora.xtec.cat\/escolacollserolacerdanyola\/musica\/concert-de-primavera\/","title":{"rendered":"Concert de Primavera 2016"},"content":{"rendered":"<p>Hola a Tothom! En no res tenim aqu\u00ed el concert de primavera! Com sabeu \u00e9s un concert que far\u00e0 tota l&#8217;escola, esperem veure-vos a tots all\u00e0 i que disfruteu tant com nosaltres estem gaudint preparant-ho. Els alumnes de 6\u00e8 ja han comen\u00e7at assajant dues can\u00e7ons per a cantar eixe dia.<\/p>\n<div style=\"clear: both; text-align: center;\"><iframe loading=\"lazy\" src=\"https:\/\/www.youtube.com\/embed\/1RkL-OkszSQ?feature=player_embedded\" width=\"320\" height=\"266\" frameborder=\"0\" allowfullscreen=\"allowfullscreen\" data-thumbnail-src=\"https:\/\/i.ytimg.com\/vi\/1RkL-OkszSQ\/0.jpg\"><\/iframe><\/div>\n<p>A tope amb la m\u00fasica!!<\/p>\n","protected":false},"excerpt":{"rendered":"<p>Hola a Tothom! En no res tenim aqu\u00ed el concert de primavera! Com sabeu \u00e9s un concert que far\u00e0 tota l&#8217;escola, esperem veure-vos a tots all\u00e0 i que disfruteu tant com nosaltres estem gaudint preparant-ho. Els alumnes de 6\u00e8 ja han comen\u00e7at assajant dues can\u00e7ons&hellip;  <a href=\"https:\/\/agora.xtec.cat\/escolacollserolacerdanyola\/musica\/concert-de-primavera\/\" title=\"Read Concert de Primavera 2016\">Llegeix m\u00e9s\u00bb<\/a><\/p>\n","protected":false},"author":13,"featured_media":0,"comment_status":"open","ping_status":"closed","sticky":false,"template":"","format":"standard","meta":{"_bbp_topic_count":0,"_bbp_reply_count":0,"_bbp_total_topic_count":0,"_bbp_total_reply_count":0,"_bbp_voice_count":0,"_bbp_anonymous_reply_count":0,"_bbp_topic_count_hidden":0,"_bbp_reply_count_hidden":0,"_bbp_forum_subforum_count":0,"footnotes":""},"categories":[267],"tags":[299,298],"class_list":["post-9572","post","type-post","status-publish","format-standard","hentry","category-musica","tag-concert-primavera","tag-musica"],"post_mailing_queue_ids":[],"_links":{"self":[{"href":"https:\/\/agora.xtec.cat\/escolacollserolacerdanyola\/wp-json\/wp\/v2\/posts\/9572","targetHints":{"allow":["GET"]}}],"collection":[{"href":"https:\/\/agora.xtec.cat\/escolacollserolacerdanyola\/wp-json\/wp\/v2\/posts"}],"about":[{"href":"https:\/\/agora.xtec.cat\/escolacollserolacerdanyola\/wp-json\/wp\/v2\/types\/post"}],"author":[{"embeddable":true,"href":"https:\/\/agora.xtec.cat\/escolacollserolacerdanyola\/wp-json\/wp\/v2\/users\/13"}],"replies":[{"embeddable":true,"href":"https:\/\/agora.xtec.cat\/escolacollserolacerdanyola\/wp-json\/wp\/v2\/comments?post=9572"}],"version-history":[{"count":2,"href":"https:\/\/agora.xtec.cat\/escolacollserolacerdanyola\/wp-json\/wp\/v2\/posts\/9572\/revisions"}],"predecessor-version":[{"id":9646,"href":"https:\/\/agora.xtec.cat\/escolacollserolacerdanyola\/wp-json\/wp\/v2\/posts\/9572\/revisions\/9646"}],"wp:attachment":[{"href":"https:\/\/agora.xtec.cat\/escolacollserolacerdanyola\/wp-json\/wp\/v2\/media?parent=9572"}],"wp:term":[{"taxonomy":"category","embeddable":true,"href":"https:\/\/agora.xtec.cat\/escolacollserolacerdanyola\/wp-json\/wp\/v2\/categories?post=9572"},{"taxonomy":"post_tag","embeddable":true,"href":"https:\/\/agora.xtec.cat\/escolacollserolacerdanyola\/wp-json\/wp\/v2\/tags?post=9572"}],"curies":[{"name":"wp","href":"https:\/\/api.w.org\/{rel}","templated":true}]}}