{"id":9571,"date":"2016-04-25T13:58:00","date_gmt":"2016-04-25T11:58:00","guid":{"rendered":""},"modified":"2017-05-13T23:15:25","modified_gmt":"2017-05-13T21:15:25","slug":"concert-de-primavera-2","status":"publish","type":"post","link":"https:\/\/agora.xtec.cat\/escolacollserolacerdanyola\/musica\/concert-de-primavera-2\/","title":{"rendered":"Concert de Primavera 2"},"content":{"rendered":"<p>Nervis! molts nervis! Perqu\u00e8 ja no falta quasi res pel Concert de Primavera!<\/p>\n<div>\n<div><\/div>\n<div>\n<div>Tot \u00e9s practicar i assajar, escoltar i cantar, per\u00f2 sobretot gaudir, la qual cosa estem fent mentre preparem el concert. Gaudir d\u00b4aquests moments previs que faran qu\u00e8 encara surti b\u00e9, o no tant b\u00e9, haja valgut la pena tant d&#8217;esfor\u00e7 i il\u00b7lusi\u00f3.<\/div>\n<div><\/div>\n<div>Ens veiem en no res!<\/div>\n<div><\/div>\n<div><\/div>\n<div><\/div>\n<div>\n<iframe loading=\"lazy\" src=\"https:\/\/www.youtube.com\/embed\/jKIGyprKl00\" width=\"640\" height=\"360\" frameborder=\"0\" allowfullscreen=\"allowfullscreen\"><\/iframe> A tope amb la m\u00fasica!<\/div>\n<div><\/div>\n<\/div>\n<\/div>\n","protected":false},"excerpt":{"rendered":"<p>Nervis! molts nervis! Perqu\u00e8 ja no falta quasi res pel Concert de Primavera!<\/p>\n<p>Tot \u00e9s practicar i assajar, escoltar i cantar, per\u00f2 sobretot gaudir, la qual cosa estem fent mentre preparem el concert. Gaudir d\u00b4aquests moments previs que faran qu\u00e8 encara surti b\u00e9, o no tant&hellip;  <a href=\"https:\/\/agora.xtec.cat\/escolacollserolacerdanyola\/musica\/concert-de-primavera-2\/\" title=\"Read Concert de Primavera 2\">Llegeix m\u00e9s\u00bb<\/a><\/p>\n","protected":false},"author":13,"featured_media":0,"comment_status":"open","ping_status":"closed","sticky":false,"template":"","format":"standard","meta":{"_bbp_topic_count":0,"_bbp_reply_count":0,"_bbp_total_topic_count":0,"_bbp_total_reply_count":0,"_bbp_voice_count":0,"_bbp_anonymous_reply_count":0,"_bbp_topic_count_hidden":0,"_bbp_reply_count_hidden":0,"_bbp_forum_subforum_count":0,"footnotes":""},"categories":[267],"tags":[299,298],"class_list":["post-9571","post","type-post","status-publish","format-standard","hentry","category-musica","tag-concert-primavera","tag-musica"],"post_mailing_queue_ids":[],"_links":{"self":[{"href":"https:\/\/agora.xtec.cat\/escolacollserolacerdanyola\/wp-json\/wp\/v2\/posts\/9571","targetHints":{"allow":["GET"]}}],"collection":[{"href":"https:\/\/agora.xtec.cat\/escolacollserolacerdanyola\/wp-json\/wp\/v2\/posts"}],"about":[{"href":"https:\/\/agora.xtec.cat\/escolacollserolacerdanyola\/wp-json\/wp\/v2\/types\/post"}],"author":[{"embeddable":true,"href":"https:\/\/agora.xtec.cat\/escolacollserolacerdanyola\/wp-json\/wp\/v2\/users\/13"}],"replies":[{"embeddable":true,"href":"https:\/\/agora.xtec.cat\/escolacollserolacerdanyola\/wp-json\/wp\/v2\/comments?post=9571"}],"version-history":[{"count":2,"href":"https:\/\/agora.xtec.cat\/escolacollserolacerdanyola\/wp-json\/wp\/v2\/posts\/9571\/revisions"}],"predecessor-version":[{"id":9643,"href":"https:\/\/agora.xtec.cat\/escolacollserolacerdanyola\/wp-json\/wp\/v2\/posts\/9571\/revisions\/9643"}],"wp:attachment":[{"href":"https:\/\/agora.xtec.cat\/escolacollserolacerdanyola\/wp-json\/wp\/v2\/media?parent=9571"}],"wp:term":[{"taxonomy":"category","embeddable":true,"href":"https:\/\/agora.xtec.cat\/escolacollserolacerdanyola\/wp-json\/wp\/v2\/categories?post=9571"},{"taxonomy":"post_tag","embeddable":true,"href":"https:\/\/agora.xtec.cat\/escolacollserolacerdanyola\/wp-json\/wp\/v2\/tags?post=9571"}],"curies":[{"name":"wp","href":"https:\/\/api.w.org\/{rel}","templated":true}]}}