{"id":9570,"date":"2016-06-23T10:00:00","date_gmt":"2016-06-23T08:00:00","guid":{"rendered":""},"modified":"2017-05-13T23:16:26","modified_gmt":"2017-05-13T21:16:26","slug":"estiu","status":"publish","type":"post","link":"https:\/\/agora.xtec.cat\/escolacollserolacerdanyola\/musica\/estiu\/","title":{"rendered":"ESTIU!"},"content":{"rendered":"<p>Ja estem a estiu! Des de la classe de m\u00fasica volem donar les gr\u00e0cies als alumnes pel seu esfor\u00e7 i treball a classe. Ens sentim molt orgullosos de deixar marxar als nostres grups de sis\u00e8 i les recordem que vagin on vagin, no deixin mai de sentir la m\u00fasica! Pels que es queden amb nosaltres uns anys m\u00e9s, us deixem un s\u00e8rie d&#8217;enlla\u00e7os per treballar aquest estiu de forma l\u00fadica i divertida el millor d&#8217;aquest m\u00f3n: La m\u00fasica! http:\/\/www.aprendomusica.com https:\/\/musikeoblog.wordpress.com\/2012\/09\/11\/mes-jocs-per-repassar-notes-figures-compassos\/ http:\/\/musiweb4.webnode.es\/recursos-online\/ http:\/\/www.musicaeduca.es\/recursos-aula\/juegos Per \u00faltim unes recomanacions per gaudir al m\u00e0xim aquest estiu: &#8211; Canteu! El m\u00f3n \u00e9s veu m\u00e9s alegre quan u canta.- Feu m\u00fasica! Qualsevol cosa \u00e9s bona per a crear la teva obra musical. (Unes culleres van molt b\u00e9 per a molestar al ve\u00ed i per a seguir el ritme d&#8217;eixa can\u00e7\u00f3 que tant t&#8217;agrada) :)- Escolteu molta m\u00fasica! Durant un viatge, de cam\u00ed a la platja, quan esteu trists, quan esteu alegres&#8230; La m\u00fasica \u00e9s la millor medecina i de les millors companyes de viatge que hi ha.- Dibuixeu molt! Una bona obra musical pot comen\u00e7ar amb un bon dibuix.- Jugueu molt! Moltes de les millors obres musicals han sigut escrites despr\u00e9s una gran tarda de joc.i sobretot, no deixeu mai de somiar m\u00fasica! Ens veiem a setembre! <iframe loading=\"lazy\" src=\"https:\/\/www.youtube.com\/embed\/ynQ-RVFgKw0\" width=\"480\" height=\"270\" frameborder=\"0\" allowfullscreen=\"allowfullscreen\"><\/iframe><\/p>\n","protected":false},"excerpt":{"rendered":"<p>Ja estem a estiu! Des de la classe de m\u00fasica volem donar les gr\u00e0cies als alumnes pel seu esfor\u00e7 i treball a classe. Ens sentim molt orgullosos de deixar marxar als nostres grups de sis\u00e8 i les recordem que vagin on vagin, no deixin mai&hellip;  <a href=\"https:\/\/agora.xtec.cat\/escolacollserolacerdanyola\/musica\/estiu\/\" title=\"Read ESTIU!\">Llegeix m\u00e9s\u00bb<\/a><\/p>\n","protected":false},"author":13,"featured_media":0,"comment_status":"open","ping_status":"closed","sticky":false,"template":"","format":"standard","meta":{"_bbp_topic_count":0,"_bbp_reply_count":0,"_bbp_total_topic_count":0,"_bbp_total_reply_count":0,"_bbp_voice_count":0,"_bbp_anonymous_reply_count":0,"_bbp_topic_count_hidden":0,"_bbp_reply_count_hidden":0,"_bbp_forum_subforum_count":0,"footnotes":""},"categories":[267],"tags":[298],"class_list":["post-9570","post","type-post","status-publish","format-standard","hentry","category-musica","tag-musica"],"post_mailing_queue_ids":[],"_links":{"self":[{"href":"https:\/\/agora.xtec.cat\/escolacollserolacerdanyola\/wp-json\/wp\/v2\/posts\/9570","targetHints":{"allow":["GET"]}}],"collection":[{"href":"https:\/\/agora.xtec.cat\/escolacollserolacerdanyola\/wp-json\/wp\/v2\/posts"}],"about":[{"href":"https:\/\/agora.xtec.cat\/escolacollserolacerdanyola\/wp-json\/wp\/v2\/types\/post"}],"author":[{"embeddable":true,"href":"https:\/\/agora.xtec.cat\/escolacollserolacerdanyola\/wp-json\/wp\/v2\/users\/13"}],"replies":[{"embeddable":true,"href":"https:\/\/agora.xtec.cat\/escolacollserolacerdanyola\/wp-json\/wp\/v2\/comments?post=9570"}],"version-history":[{"count":2,"href":"https:\/\/agora.xtec.cat\/escolacollserolacerdanyola\/wp-json\/wp\/v2\/posts\/9570\/revisions"}],"predecessor-version":[{"id":9644,"href":"https:\/\/agora.xtec.cat\/escolacollserolacerdanyola\/wp-json\/wp\/v2\/posts\/9570\/revisions\/9644"}],"wp:attachment":[{"href":"https:\/\/agora.xtec.cat\/escolacollserolacerdanyola\/wp-json\/wp\/v2\/media?parent=9570"}],"wp:term":[{"taxonomy":"category","embeddable":true,"href":"https:\/\/agora.xtec.cat\/escolacollserolacerdanyola\/wp-json\/wp\/v2\/categories?post=9570"},{"taxonomy":"post_tag","embeddable":true,"href":"https:\/\/agora.xtec.cat\/escolacollserolacerdanyola\/wp-json\/wp\/v2\/tags?post=9570"}],"curies":[{"name":"wp","href":"https:\/\/api.w.org\/{rel}","templated":true}]}}