{"id":9569,"date":"2017-02-03T11:23:00","date_gmt":"2017-02-03T10:23:00","guid":{"rendered":""},"modified":"2017-05-13T23:14:12","modified_gmt":"2017-05-13T21:14:12","slug":"gaudim-cantant-i-ballant","status":"publish","type":"post","link":"https:\/\/agora.xtec.cat\/escolacollserolacerdanyola\/musica\/gaudim-cantant-i-ballant\/","title":{"rendered":"GAUDIM CANTANT I BALLANT"},"content":{"rendered":"<div style=\"clear: both; text-align: center;\"><iframe loading=\"lazy\" src=\"https:\/\/www.youtube.com\/embed\/znzKgBCdS1M?feature=player_embedded\" width=\"320\" height=\"266\" frameborder=\"0\" allowfullscreen=\"allowfullscreen\" data-thumbnail-src=\"https:\/\/i.ytimg.com\/vi\/znzKgBCdS1M\/0.jpg\"><\/iframe><\/div>\n<p>&nbsp;<\/p>\n<div style=\"text-align: center;\"><span style=\"font-family: Verdana, sans-serif; font-size: large;\"><b>JA PODEM COMEN\u00c7AR A BALLAR I PRACTICAR LA CAN\u00c7\u00d3 SUPERESMORZA<\/b><\/span><\/div>\n","protected":false},"excerpt":{"rendered":"<p>&nbsp;<br \/>\nJA PODEM COMEN\u00c7AR A BALLAR I PRACTICAR LA CAN\u00c7\u00d3 SUPERESMORZA<\/p>\n","protected":false},"author":13,"featured_media":0,"comment_status":"open","ping_status":"closed","sticky":false,"template":"","format":"standard","meta":{"_bbp_topic_count":0,"_bbp_reply_count":0,"_bbp_total_topic_count":0,"_bbp_total_reply_count":0,"_bbp_voice_count":0,"_bbp_anonymous_reply_count":0,"_bbp_topic_count_hidden":0,"_bbp_reply_count_hidden":0,"_bbp_forum_subforum_count":0,"footnotes":""},"categories":[267],"tags":[298],"class_list":["post-9569","post","type-post","status-publish","format-standard","hentry","category-musica","tag-musica"],"post_mailing_queue_ids":[],"_links":{"self":[{"href":"https:\/\/agora.xtec.cat\/escolacollserolacerdanyola\/wp-json\/wp\/v2\/posts\/9569","targetHints":{"allow":["GET"]}}],"collection":[{"href":"https:\/\/agora.xtec.cat\/escolacollserolacerdanyola\/wp-json\/wp\/v2\/posts"}],"about":[{"href":"https:\/\/agora.xtec.cat\/escolacollserolacerdanyola\/wp-json\/wp\/v2\/types\/post"}],"author":[{"embeddable":true,"href":"https:\/\/agora.xtec.cat\/escolacollserolacerdanyola\/wp-json\/wp\/v2\/users\/13"}],"replies":[{"embeddable":true,"href":"https:\/\/agora.xtec.cat\/escolacollserolacerdanyola\/wp-json\/wp\/v2\/comments?post=9569"}],"version-history":[{"count":2,"href":"https:\/\/agora.xtec.cat\/escolacollserolacerdanyola\/wp-json\/wp\/v2\/posts\/9569\/revisions"}],"predecessor-version":[{"id":9642,"href":"https:\/\/agora.xtec.cat\/escolacollserolacerdanyola\/wp-json\/wp\/v2\/posts\/9569\/revisions\/9642"}],"wp:attachment":[{"href":"https:\/\/agora.xtec.cat\/escolacollserolacerdanyola\/wp-json\/wp\/v2\/media?parent=9569"}],"wp:term":[{"taxonomy":"category","embeddable":true,"href":"https:\/\/agora.xtec.cat\/escolacollserolacerdanyola\/wp-json\/wp\/v2\/categories?post=9569"},{"taxonomy":"post_tag","embeddable":true,"href":"https:\/\/agora.xtec.cat\/escolacollserolacerdanyola\/wp-json\/wp\/v2\/tags?post=9569"}],"curies":[{"name":"wp","href":"https:\/\/api.w.org\/{rel}","templated":true}]}}