{"id":9567,"date":"2017-03-06T14:15:00","date_gmt":"2017-03-06T13:15:00","guid":{"rendered":""},"modified":"2017-05-13T23:12:07","modified_gmt":"2017-05-13T21:12:07","slug":"9567","status":"publish","type":"post","link":"https:\/\/agora.xtec.cat\/escolacollserolacerdanyola\/musica\/9567\/","title":{"rendered":"Carnestoltes 2017"},"content":{"rendered":"<h2 style=\"text-align: center;\"><span style=\"background-color: white; color: #38761d; font-family: 'verdana' , sans-serif; font-size: large; line-height: 27.2000007629395px;\">Ja estan aqu\u00ed els\u00a0v\u00eddeos\u00a0del Carnestoltes:<\/span><\/h2>\n<p><b><span style=\"color: #38761d; font-family: 'arial' , 'helvetica' , sans-serif;\"><a href=\"https:\/\/www.youtube.com\/embed\/zAfMDA7xGQ8?ecver=1\" target=\"_blank\">Fotos Carnestoltes<\/a>\u00a0<\/span><\/b><br \/>\n<span style=\"background-color: white; font-family: 'open sans' , 'helvetica' , 'arial' , sans-serif; font-size: 16px; line-height: 27.2000007629395px;\">Aqu\u00ed tenim moltes fotos de tota la festa.<\/span><\/p>\n<div style=\"background-color: white; font-family: arial, sans-serif; font-size: 13px;\"><span style=\"color: #38761d;\">\u00a0<\/span><\/div>\n<div style=\"background-color: white;\"><span style=\"color: #38761d; font-family: 'arial' , 'helvetica' , sans-serif;\"><b><a href=\"https:\/\/www.youtube.com\/embed\/OHDKilO5VQs?ecver=1\" target=\"_blank\">Ens preparem pel Carnaval<\/a><\/b><\/span><\/div>\n<div style=\"background-color: white; font-family: arial, sans-serif; font-size: 13px;\"><span style=\"color: #38761d;\"><span style=\"color: black; font-family: 'open sans' , 'helvetica' , 'arial' , sans-serif; font-size: 16px; line-height: 27.2000007629395px;\">En aquest v\u00eddeo veurem com entr\u00e0vem al gimn\u00e0s per comen\u00e7ar la festa.<\/span><\/span><\/div>\n<div style=\"background-color: white; font-family: arial, sans-serif;\"><b><span style=\"color: #38761d;\">\u00a0<\/span><\/b><\/div>\n<div style=\"background-color: white; font-family: arial, sans-serif;\"><b><span style=\"color: #38761d;\"><a href=\"https:\/\/www.youtube.com\/embed\/YFY8rxPKItg?ecver=1\" target=\"_blank\">Els abanderats<\/a><\/span><\/b><\/div>\n<div style=\"background-color: white; font-family: arial, sans-serif; font-size: 13px;\"><span style=\"color: #38761d;\"><span style=\"color: black; font-family: 'open sans' , 'helvetica' , 'arial' , sans-serif; font-size: 16px; line-height: 27.2000007629395px;\">Ja arriben els banderers per comen\u00e7ar el Carnestoltes<\/span><\/span><span style=\"color: #38761d;\"><br \/>\n<\/span><\/p>\n<\/div>\n<div style=\"background-color: white;\"><b><span style=\"color: #38761d; font-family: 'arial' , 'helvetica' , sans-serif;\"><a href=\"https:\/\/www.youtube.com\/embed\/h00MWbsw6tI?ecver=1\" target=\"_blank\">Superesmorza<\/a><\/span><\/b><\/div>\n<div style=\"background-color: white; font-family: arial, sans-serif; font-size: 13px;\"><span style=\"color: #38761d;\"><span style=\"color: black; font-family: 'open sans' , 'helvetica' , 'arial' , sans-serif; font-size: 16px; line-height: 27.2000007629395px;\">Superesmorza, el nostre ball favorit del Carnestoltes. Tots junts ho ballem!<\/span><\/span><span style=\"color: #38761d;\"><br \/>\n<\/span><\/p>\n<\/div>\n<div style=\"background-color: white; font-family: arial, sans-serif;\"><b><span style=\"color: #38761d;\"><a href=\"https:\/\/www.youtube.com\/embed\/4PblHyzwORw?ecver=1\" target=\"_blank\">Ball AMPA<\/a><\/span><\/b><\/div>\n<div style=\"background-color: white; font-family: arial, sans-serif; font-size: 13px;\"><span style=\"color: #38761d;\"><span style=\"color: black; font-family: 'open sans' , 'helvetica' , 'arial' , sans-serif; font-size: 16px; line-height: 27.2000007629395px;\">Qu\u00e8 b\u00e9 va ballar l&#8217;AMPA!<\/span><\/span><span style=\"color: #38761d;\"><br \/>\n<\/span><\/p>\n<\/div>\n<div style=\"background-color: white; font-family: arial, sans-serif;\"><b><span style=\"color: #38761d;\"><a href=\"https:\/\/www.youtube.com\/embed\/W9sv4vyiKKs?ecver=1\" target=\"_blank\">Ball sorpresa<\/a><\/span><\/b><\/div>\n<div style=\"background-color: white; font-family: arial, sans-serif; font-size: 13px;\"><span style=\"font-family: 'open sans' , 'helvetica' , 'arial' , sans-serif; font-size: 16px; line-height: 27.2000007629395px;\">Sorpresa! Nosaltres no pod\u00edem ser menys&#8230; tots a ballar!<\/span><\/div>\n<div style=\"background-color: white; color: #222222; font-family: arial, sans-serif; font-size: 13px;\"><\/div>\n<div style=\"background-color: white; font-family: arial, sans-serif; font-size: 13px;\">\n<h2 style=\"font-family: 'times new roman'; text-align: center;\"><span style=\"color: purple; font-family: 'verdana' , sans-serif; font-size: large;\"><span style=\"color: #38761d; line-height: 27.2000007629395px;\">Qu\u00e8 b\u00e9 ens\u00a0ho vam passar!<\/span><\/span><\/h2>\n<div style=\"clear: both; text-align: center;\"><a style=\"margin-left: 1em; margin-right: 1em;\" href=\"http:\/\/agora.xtec.cat\/escolacollserolacerdanyola\/wp-content\/uploads\/usu1390\/2017\/03\/ballant-en-carnestoltes.jpg\"><img loading=\"lazy\" decoding=\"async\" src=\"http:\/\/agora.xtec.cat\/escolacollserolacerdanyola\/wp-content\/uploads\/usu1390\/2017\/03\/ballant-en-carnestoltes-300x173.jpg\" width=\"320\" height=\"184\" border=\"0\" \/><\/a><\/div>\n<div><span style=\"color: purple; font-family: 'verdana' , sans-serif; font-size: large;\"><span style=\"color: #38761d; line-height: 27.2000007629395px;\">\u00a0<\/span><\/span><\/div>\n<div style=\"color: #222222;\"><span style=\"color: purple; font-family: 'verdana' , sans-serif; font-size: large;\"><span style=\"line-height: 27.2000007629395px;\">\u00a0<\/span><\/span><\/div>\n<\/div>\n","protected":false},"excerpt":{"rendered":"<p>Ja estan aqu\u00ed els\u00a0v\u00eddeos\u00a0del Carnestoltes:<br \/>\n<a href=\"https:\/\/www.youtube.com\/embed\/zAfMDA7xGQ8?ecver=1\" target=\"_blank\">Fotos Carnestoltes<\/a>\u00a0<br \/>\nAqu\u00ed tenim moltes fotos de tota la festa.<br \/>\n\u00a0<br \/>\n<a href=\"https:\/\/www.youtube.com\/embed\/OHDKilO5VQs?ecver=1\" target=\"_blank\">Ens preparem pel Carnaval<\/a><br \/>\nEn aquest v\u00eddeo veurem com entr\u00e0vem al gimn\u00e0s per comen\u00e7ar la festa.<br \/>\n\u00a0<br \/>\n<a href=\"https:\/\/www.youtube.com\/embed\/YFY8rxPKItg?ecver=1\" target=\"_blank\">Els abanderats<\/a><br \/>\nJa arriben els banderers per comen\u00e7ar el Carnestoltes<\/p>\n<p><a href=\"https:\/\/www.youtube.com\/embed\/h00MWbsw6tI?ecver=1\" target=\"_blank\">Superesmorza<\/a><br \/>\nSuperesmorza, el nostre&hellip;  <a href=\"https:\/\/agora.xtec.cat\/escolacollserolacerdanyola\/musica\/9567\/\" title=\"Read Carnestoltes 2017\">Llegeix m\u00e9s\u00bb<\/a><\/p>\n","protected":false},"author":13,"featured_media":9610,"comment_status":"open","ping_status":"closed","sticky":false,"template":"","format":"standard","meta":{"_bbp_topic_count":0,"_bbp_reply_count":0,"_bbp_total_topic_count":0,"_bbp_total_reply_count":0,"_bbp_voice_count":0,"_bbp_anonymous_reply_count":0,"_bbp_topic_count_hidden":0,"_bbp_reply_count_hidden":0,"_bbp_forum_subforum_count":0,"footnotes":""},"categories":[267],"tags":[298],"class_list":["post-9567","post","type-post","status-publish","format-standard","has-post-thumbnail","hentry","category-musica","tag-musica"],"post_mailing_queue_ids":[],"_links":{"self":[{"href":"https:\/\/agora.xtec.cat\/escolacollserolacerdanyola\/wp-json\/wp\/v2\/posts\/9567","targetHints":{"allow":["GET"]}}],"collection":[{"href":"https:\/\/agora.xtec.cat\/escolacollserolacerdanyola\/wp-json\/wp\/v2\/posts"}],"about":[{"href":"https:\/\/agora.xtec.cat\/escolacollserolacerdanyola\/wp-json\/wp\/v2\/types\/post"}],"author":[{"embeddable":true,"href":"https:\/\/agora.xtec.cat\/escolacollserolacerdanyola\/wp-json\/wp\/v2\/users\/13"}],"replies":[{"embeddable":true,"href":"https:\/\/agora.xtec.cat\/escolacollserolacerdanyola\/wp-json\/wp\/v2\/comments?post=9567"}],"version-history":[{"count":2,"href":"https:\/\/agora.xtec.cat\/escolacollserolacerdanyola\/wp-json\/wp\/v2\/posts\/9567\/revisions"}],"predecessor-version":[{"id":9640,"href":"https:\/\/agora.xtec.cat\/escolacollserolacerdanyola\/wp-json\/wp\/v2\/posts\/9567\/revisions\/9640"}],"wp:featuredmedia":[{"embeddable":true,"href":"https:\/\/agora.xtec.cat\/escolacollserolacerdanyola\/wp-json\/wp\/v2\/media\/9610"}],"wp:attachment":[{"href":"https:\/\/agora.xtec.cat\/escolacollserolacerdanyola\/wp-json\/wp\/v2\/media?parent=9567"}],"wp:term":[{"taxonomy":"category","embeddable":true,"href":"https:\/\/agora.xtec.cat\/escolacollserolacerdanyola\/wp-json\/wp\/v2\/categories?post=9567"},{"taxonomy":"post_tag","embeddable":true,"href":"https:\/\/agora.xtec.cat\/escolacollserolacerdanyola\/wp-json\/wp\/v2\/tags?post=9567"}],"curies":[{"name":"wp","href":"https:\/\/api.w.org\/{rel}","templated":true}]}}