{"id":849,"date":"2016-06-21T11:51:00","date_gmt":"2016-06-21T09:51:00","guid":{"rendered":""},"modified":"2017-03-12T18:27:01","modified_gmt":"2017-03-12T17:27:01","slug":"excursio-a-can-drago","status":"publish","type":"post","link":"https:\/\/agora.xtec.cat\/escolacollserolacerdanyola\/portadageneral\/excursio-a-can-drago\/","title":{"rendered":"Excursi\u00f3 a Can Drag\u00f3"},"content":{"rendered":"<p>Hola a tothom! El passat dia 20 de juny, tota l&#8217;escola va anar a les instal\u00b7lacions esportives de Can Drag\u00f3, on vam gaudir d&#8217;un mat\u00ed solejat, fent esport amb els nostres alumnes, tancant aix\u00ed el tema cultural d&#8217;aquest any relacionat amb els esports i les olimp\u00edades. Aqu\u00ed us deixem unes fotos perqu\u00e8 vegeu que b\u00e9 ho van passar!    <embed type=\"application\/x-shockwave-flash\" src=\"https:\/\/photos.gstatic.com\/media\/slideshow.swf\" width=\"600\" height=\"400\" flashvars=\"host=picasaweb.google.com&#038;hl=ca&#038;feat=flashalbum&#038;RGB=0x000000&#038;feed=https%3A%2F%2Fpicasaweb.google.com%2Fdata%2Ffeed%2Fapi%2Fuser%2F110476547455122160955%2Falbumid%2F6298965450641471457%3Falt%3Drss%26kind%3Dphoto%26authkey%3DGv1sRgCJ7J9pXcnbiJ7wE%26hl%3Dca\" pluginspage=\"http:\/\/www.macromedia.com\/go\/getflashplayer\"><\/embed><\/p>\n","protected":false},"excerpt":{"rendered":"<p>Hola a tothom! El passat dia 20 de juny, tota l&#8217;escola va anar a les instal\u00b7lacions esportives de Can Drag\u00f3, on vam gaudir d&#8217;un mat\u00ed solejat, fent esport amb els nostres alumnes, tancant aix\u00ed el tema cultural d&#8217;aquest any relacionat amb els esports i les&hellip;  <a href=\"https:\/\/agora.xtec.cat\/escolacollserolacerdanyola\/portadageneral\/excursio-a-can-drago\/\" title=\"Read Excursi\u00f3 a Can Drag\u00f3\">Llegeix m\u00e9s\u00bb<\/a><\/p>\n","protected":false},"author":7,"featured_media":0,"comment_status":"open","ping_status":"closed","sticky":false,"template":"","format":"standard","meta":{"_bbp_topic_count":0,"_bbp_reply_count":0,"_bbp_total_topic_count":0,"_bbp_total_reply_count":0,"_bbp_voice_count":0,"_bbp_anonymous_reply_count":0,"_bbp_topic_count_hidden":0,"_bbp_reply_count_hidden":0,"_bbp_forum_subforum_count":0,"footnotes":""},"categories":[1],"tags":[83],"class_list":["post-849","post","type-post","status-publish","format-standard","hentry","category-portadageneral","tag-cicle-inicial"],"post_mailing_queue_ids":[],"_links":{"self":[{"href":"https:\/\/agora.xtec.cat\/escolacollserolacerdanyola\/wp-json\/wp\/v2\/posts\/849","targetHints":{"allow":["GET"]}}],"collection":[{"href":"https:\/\/agora.xtec.cat\/escolacollserolacerdanyola\/wp-json\/wp\/v2\/posts"}],"about":[{"href":"https:\/\/agora.xtec.cat\/escolacollserolacerdanyola\/wp-json\/wp\/v2\/types\/post"}],"author":[{"embeddable":true,"href":"https:\/\/agora.xtec.cat\/escolacollserolacerdanyola\/wp-json\/wp\/v2\/users\/7"}],"replies":[{"embeddable":true,"href":"https:\/\/agora.xtec.cat\/escolacollserolacerdanyola\/wp-json\/wp\/v2\/comments?post=849"}],"version-history":[{"count":1,"href":"https:\/\/agora.xtec.cat\/escolacollserolacerdanyola\/wp-json\/wp\/v2\/posts\/849\/revisions"}],"predecessor-version":[{"id":910,"href":"https:\/\/agora.xtec.cat\/escolacollserolacerdanyola\/wp-json\/wp\/v2\/posts\/849\/revisions\/910"}],"wp:attachment":[{"href":"https:\/\/agora.xtec.cat\/escolacollserolacerdanyola\/wp-json\/wp\/v2\/media?parent=849"}],"wp:term":[{"taxonomy":"category","embeddable":true,"href":"https:\/\/agora.xtec.cat\/escolacollserolacerdanyola\/wp-json\/wp\/v2\/categories?post=849"},{"taxonomy":"post_tag","embeddable":true,"href":"https:\/\/agora.xtec.cat\/escolacollserolacerdanyola\/wp-json\/wp\/v2\/tags?post=849"}],"curies":[{"name":"wp","href":"https:\/\/api.w.org\/{rel}","templated":true}]}}