{"id":846,"date":"2017-01-23T18:33:00","date_gmt":"2017-01-23T17:33:00","guid":{"rendered":""},"modified":"2017-03-12T18:27:01","modified_gmt":"2017-03-12T17:27:01","slug":"pintem-la-diversitat","status":"publish","type":"post","link":"https:\/\/agora.xtec.cat\/escolacollserolacerdanyola\/portadageneral\/pintem-la-diversitat\/","title":{"rendered":"PINTEM LA DIVERSITAT"},"content":{"rendered":"<div style=\"margin-bottom: .0001pt; margin: 0cm; text-align: justify;\"><span style=\"font-family: &quot;trebuchet ms&quot; , sans-serif; font-size: 13.5pt;\">El passat 4 d&#8217;octubre vam poder gaudir de l&#8217;activitat<\/span><span><span style=\"font-family: &quot;trebuchet ms&quot; , sans-serif; font-size: 18pt;\">&nbsp;<\/span><\/span><span style=\"font-family: &quot;trebuchet ms&quot; , sans-serif; font-size: 18pt;\">Pintem la diversitat!<\/span><span><span style=\"font-family: &quot;trebuchet ms&quot; , sans-serif; font-size: 13.5pt;\">&nbsp;<\/span><\/span><span style=\"font-family: &quot;trebuchet ms&quot; , sans-serif; font-size: 13.5pt;\">Ens van explicar el conte &#8220;La Mimi i la girafa blava&#8221; i despr\u00e9s vam estar parlant sobre la<span>&nbsp;<\/span><\/span><span style=\"font-family: &quot;trebuchet ms&quot; , sans-serif; font-size: 18pt;\">discapacitat<\/span><span style=\"font-family: &quot;trebuchet ms&quot; , sans-serif; font-size: 13.5pt;\">, si coneix\u00edem alg\u00fa amb discapacitat, els problemes que les persones discapacitades es poden trobar, les nostres<span>&nbsp;<\/span><\/span><span style=\"font-family: &quot;trebuchet ms&quot; , sans-serif; font-size: 18pt;\">experi\u00e8ncies personals<\/span><span style=\"font-family: &quot;trebuchet ms&quot; , sans-serif; font-size: 13.5pt;\">, etc. &nbsp;Tamb\u00e9 vam fer uns<span>&nbsp;<\/span><\/span><span style=\"font-family: &quot;trebuchet ms&quot; , sans-serif; font-size: 18pt;\">jocs<\/span><span><span style=\"font-family: &quot;trebuchet ms&quot; , sans-serif; font-size: 13.5pt;\">&nbsp;<\/span><\/span><span style=\"font-family: &quot;trebuchet ms&quot; , sans-serif; font-size: 13.5pt;\">per intentar entendre com afecten les diferents discapacitats a la vida di\u00e0ria de les persones.&nbsp;<\/span><span style=\"font-size: 13.5pt;\"><o:p><\/o:p><\/span><\/div>\n<div style=\"margin-bottom: .0001pt; margin: 0cm; text-align: justify;\"><\/div>\n<div style=\"margin-bottom: .0001pt; margin: 0cm; text-align: justify;\"><span style=\"font-family: &quot;trebuchet ms&quot; , sans-serif; font-size: 13.5pt;\">En definitiva, vam<span>&nbsp;<\/span><\/span><span style=\"font-family: &quot;trebuchet ms&quot; , sans-serif; font-size: 18pt;\">aprendre divertint-nos<\/span><span><span style=\"font-family: &quot;trebuchet ms&quot; , sans-serif; font-size: 13.5pt;\">&nbsp;<\/span><\/span><span style=\"font-family: &quot;trebuchet ms&quot; , sans-serif; font-size: 13.5pt;\">i ens v\u00e0rem aproximar i<span>&nbsp;<\/span><\/span><span style=\"font-family: &quot;trebuchet ms&quot; , sans-serif; font-size: 18pt;\">sensibilitzar<\/span><span><span style=\"font-family: &quot;trebuchet ms&quot; , sans-serif; font-size: 13.5pt;\">&nbsp;<\/span><\/span><span style=\"font-family: &quot;trebuchet ms&quot; , sans-serif; font-size: 13.5pt;\">a les dificultats que tenen les persones discapacitades en el seu dia a dia.&nbsp;<\/span><span style=\"font-size: 13.5pt;\"><o:p><\/o:p><\/span><\/div>\n<div style=\"clear: both; text-align: center;\"><a href=\"http:\/\/agora.xtec.cat\/escolacollserolacerdanyola\/wp-content\/uploads\/usu1390\/2017\/01\/20161004_092741.jpg\" style=\"margin-left: 1em; margin-right: 1em;\"><img loading=\"lazy\" decoding=\"async\" border=\"0\" height=\"240\" src=\"http:\/\/agora.xtec.cat\/escolacollserolacerdanyola\/wp-content\/uploads\/usu1390\/2017\/01\/20161004_092741-300x225.jpg\" width=\"320\" \/><\/a><\/div>\n<div style=\"clear: both; text-align: center;\"><a href=\"http:\/\/agora.xtec.cat\/escolacollserolacerdanyola\/wp-content\/uploads\/usu1390\/2017\/01\/20161004_092811.jpg\" style=\"margin-left: 1em; margin-right: 1em;\"><img loading=\"lazy\" decoding=\"async\" border=\"0\" height=\"320\" src=\"http:\/\/agora.xtec.cat\/escolacollserolacerdanyola\/wp-content\/uploads\/usu1390\/2017\/01\/20161004_092811-225x300.jpg\" width=\"240\" \/><\/a><\/div>\n<div style=\"clear: both; text-align: center;\"><a href=\"http:\/\/agora.xtec.cat\/escolacollserolacerdanyola\/wp-content\/uploads\/usu1390\/2017\/01\/20161004_093118.jpg\" style=\"margin-left: 1em; margin-right: 1em;\"><img loading=\"lazy\" decoding=\"async\" border=\"0\" height=\"240\" src=\"http:\/\/agora.xtec.cat\/escolacollserolacerdanyola\/wp-content\/uploads\/usu1390\/2017\/01\/20161004_093118-300x225.jpg\" width=\"320\" \/><\/a><\/div>\n<div style=\"clear: both; text-align: center;\"><a href=\"http:\/\/agora.xtec.cat\/escolacollserolacerdanyola\/wp-content\/uploads\/usu1390\/2017\/01\/20161004_093135.jpg\" style=\"margin-left: 1em; margin-right: 1em;\"><img loading=\"lazy\" decoding=\"async\" border=\"0\" height=\"240\" src=\"http:\/\/agora.xtec.cat\/escolacollserolacerdanyola\/wp-content\/uploads\/usu1390\/2017\/01\/20161004_093135-300x225.jpg\" width=\"320\" \/><\/a><\/div>\n<p><a href=\"https:\/\/goo.gl\/photos\/giCcb8qoahPsi79FA\" style=\"font-family: &quot;trebuchet ms&quot;, sans-serif; font-size: 18px; text-align: justify;\" target=\"_blank\">Per veure m\u00e9s<\/a>&nbsp;<a href=\"https:\/\/goo.gl\/photos\/giCcb8qoahPsi79FA\" style=\"font-family: &quot;trebuchet ms&quot;, sans-serif; font-size: 18px; text-align: justify;\" target=\"_blank\">fotografies feu click aqu\u00ed<\/a><\/p>\n","protected":false},"excerpt":{"rendered":"<p>El passat 4 d&#8217;octubre vam poder gaudir de l&#8217;activitat&nbsp;Pintem la diversitat!&nbsp;Ens van explicar el conte &#8220;La Mimi i la girafa blava&#8221; i despr\u00e9s vam estar parlant sobre la&nbsp;discapacitat, si coneix\u00edem alg\u00fa amb discapacitat, els problemes que les persones discapacitades es poden trobar, les nostres&nbsp;experi\u00e8ncies personals,&hellip;  <a href=\"https:\/\/agora.xtec.cat\/escolacollserolacerdanyola\/portadageneral\/pintem-la-diversitat\/\" title=\"Read PINTEM LA DIVERSITAT\">Llegeix m\u00e9s\u00bb<\/a><\/p>\n","protected":false},"author":7,"featured_media":903,"comment_status":"open","ping_status":"closed","sticky":false,"template":"","format":"standard","meta":{"_bbp_topic_count":0,"_bbp_reply_count":0,"_bbp_total_topic_count":0,"_bbp_total_reply_count":0,"_bbp_voice_count":0,"_bbp_anonymous_reply_count":0,"_bbp_topic_count_hidden":0,"_bbp_reply_count_hidden":0,"_bbp_forum_subforum_count":0,"footnotes":""},"categories":[1],"tags":[83],"class_list":["post-846","post","type-post","status-publish","format-standard","has-post-thumbnail","hentry","category-portadageneral","tag-cicle-inicial"],"post_mailing_queue_ids":[],"_links":{"self":[{"href":"https:\/\/agora.xtec.cat\/escolacollserolacerdanyola\/wp-json\/wp\/v2\/posts\/846","targetHints":{"allow":["GET"]}}],"collection":[{"href":"https:\/\/agora.xtec.cat\/escolacollserolacerdanyola\/wp-json\/wp\/v2\/posts"}],"about":[{"href":"https:\/\/agora.xtec.cat\/escolacollserolacerdanyola\/wp-json\/wp\/v2\/types\/post"}],"author":[{"embeddable":true,"href":"https:\/\/agora.xtec.cat\/escolacollserolacerdanyola\/wp-json\/wp\/v2\/users\/7"}],"replies":[{"embeddable":true,"href":"https:\/\/agora.xtec.cat\/escolacollserolacerdanyola\/wp-json\/wp\/v2\/comments?post=846"}],"version-history":[{"count":2,"href":"https:\/\/agora.xtec.cat\/escolacollserolacerdanyola\/wp-json\/wp\/v2\/posts\/846\/revisions"}],"predecessor-version":[{"id":937,"href":"https:\/\/agora.xtec.cat\/escolacollserolacerdanyola\/wp-json\/wp\/v2\/posts\/846\/revisions\/937"}],"wp:featuredmedia":[{"embeddable":true,"href":"https:\/\/agora.xtec.cat\/escolacollserolacerdanyola\/wp-json\/wp\/v2\/media\/903"}],"wp:attachment":[{"href":"https:\/\/agora.xtec.cat\/escolacollserolacerdanyola\/wp-json\/wp\/v2\/media?parent=846"}],"wp:term":[{"taxonomy":"category","embeddable":true,"href":"https:\/\/agora.xtec.cat\/escolacollserolacerdanyola\/wp-json\/wp\/v2\/categories?post=846"},{"taxonomy":"post_tag","embeddable":true,"href":"https:\/\/agora.xtec.cat\/escolacollserolacerdanyola\/wp-json\/wp\/v2\/tags?post=846"}],"curies":[{"name":"wp","href":"https:\/\/api.w.org\/{rel}","templated":true}]}}