{"id":845,"date":"2017-01-23T20:43:00","date_gmt":"2017-01-23T19:43:00","guid":{"rendered":""},"modified":"2017-03-12T18:26:22","modified_gmt":"2017-03-12T17:26:22","slug":"sortida-al-cim-daligues","status":"publish","type":"post","link":"https:\/\/agora.xtec.cat\/escolacollserolacerdanyola\/portadageneral\/sortida-al-cim-daligues\/","title":{"rendered":"SORTIDA AL CIM D&#8217;\u00c0LIGUES"},"content":{"rendered":"<p><span style=\"font-family: Helvetica Neue, Arial, Helvetica, sans-serif;\">Durant la sortida al Cim d&#8217;\u00c0ligues que v\u00e0rem fer els alumnes de Cicle Inicial &nbsp;vam poder veure, con\u00e8ixer i observar diferents tipus d&#8217;aus rapinyaires i aprendre moltes coses sobre el seu h\u00e0bitat, les seves caracter\u00edstiques, com \u00e9s el seu vol, qu\u00e8 mengen&#8230;. i fins i tot vam gaudir d&#8217;un espectacle on vam poder veure com volen i observar-les de prop.&nbsp;<\/span><br \/><span style=\"font-family: Helvetica Neue, Arial, Helvetica, sans-serif;\"><br \/><\/span><span style=\"font-family: Helvetica Neue, Arial, Helvetica, sans-serif;\"><br \/><\/span><span style=\"font-family: Helvetica Neue, Arial, Helvetica, sans-serif;\">Va ser una exper\u00ec\u00e8ncia que ens va encantar i ens ho vam passar molt b\u00e9!<\/span><br \/><span style=\"font-family: Helvetica Neue, Arial, Helvetica, sans-serif;\"><br \/><\/span><span style=\"font-family: Helvetica Neue, Arial, Helvetica, sans-serif;\"><br \/><\/span><span style=\"font-family: Helvetica Neue, Arial, Helvetica, sans-serif;\"><a href=\"https:\/\/goo.gl\/photos\/A9xzWuuqSCxZ7iTA7\" target=\"_blank\">Aqu\u00ed teniu les imatges!<\/a><\/span><\/p>\n<p><\/p>\n","protected":false},"excerpt":{"rendered":"<p>Durant la sortida al Cim d&#8217;\u00c0ligues que v\u00e0rem fer els alumnes de Cicle Inicial &nbsp;vam poder veure, con\u00e8ixer i observar diferents tipus d&#8217;aus rapinyaires i aprendre moltes coses sobre el seu h\u00e0bitat, les seves caracter\u00edstiques, com \u00e9s el seu vol, qu\u00e8 mengen&#8230;. i fins i&hellip;  <a href=\"https:\/\/agora.xtec.cat\/escolacollserolacerdanyola\/portadageneral\/sortida-al-cim-daligues\/\" title=\"Read SORTIDA AL CIM D&#8217;\u00c0LIGUES\">Llegeix m\u00e9s\u00bb<\/a><\/p>\n","protected":false},"author":7,"featured_media":0,"comment_status":"open","ping_status":"closed","sticky":false,"template":"","format":"standard","meta":{"_bbp_topic_count":0,"_bbp_reply_count":0,"_bbp_total_topic_count":0,"_bbp_total_reply_count":0,"_bbp_voice_count":0,"_bbp_anonymous_reply_count":0,"_bbp_topic_count_hidden":0,"_bbp_reply_count_hidden":0,"_bbp_forum_subforum_count":0,"footnotes":""},"categories":[1],"tags":[83],"class_list":["post-845","post","type-post","status-publish","format-standard","hentry","category-portadageneral","tag-cicle-inicial"],"post_mailing_queue_ids":[],"_links":{"self":[{"href":"https:\/\/agora.xtec.cat\/escolacollserolacerdanyola\/wp-json\/wp\/v2\/posts\/845","targetHints":{"allow":["GET"]}}],"collection":[{"href":"https:\/\/agora.xtec.cat\/escolacollserolacerdanyola\/wp-json\/wp\/v2\/posts"}],"about":[{"href":"https:\/\/agora.xtec.cat\/escolacollserolacerdanyola\/wp-json\/wp\/v2\/types\/post"}],"author":[{"embeddable":true,"href":"https:\/\/agora.xtec.cat\/escolacollserolacerdanyola\/wp-json\/wp\/v2\/users\/7"}],"replies":[{"embeddable":true,"href":"https:\/\/agora.xtec.cat\/escolacollserolacerdanyola\/wp-json\/wp\/v2\/comments?post=845"}],"version-history":[{"count":1,"href":"https:\/\/agora.xtec.cat\/escolacollserolacerdanyola\/wp-json\/wp\/v2\/posts\/845\/revisions"}],"predecessor-version":[{"id":902,"href":"https:\/\/agora.xtec.cat\/escolacollserolacerdanyola\/wp-json\/wp\/v2\/posts\/845\/revisions\/902"}],"wp:attachment":[{"href":"https:\/\/agora.xtec.cat\/escolacollserolacerdanyola\/wp-json\/wp\/v2\/media?parent=845"}],"wp:term":[{"taxonomy":"category","embeddable":true,"href":"https:\/\/agora.xtec.cat\/escolacollserolacerdanyola\/wp-json\/wp\/v2\/categories?post=845"},{"taxonomy":"post_tag","embeddable":true,"href":"https:\/\/agora.xtec.cat\/escolacollserolacerdanyola\/wp-json\/wp\/v2\/tags?post=845"}],"curies":[{"name":"wp","href":"https:\/\/api.w.org\/{rel}","templated":true}]}}